{"id":110,"date":"2014-09-27T14:29:10","date_gmt":"2014-09-27T13:29:10","guid":{"rendered":"http:\/\/www.neuman-avocat.fr\/publications\/?p=110"},"modified":"2019-10-31T09:23:35","modified_gmt":"2019-10-31T08:23:35","slug":"letat-2014-fut-chaud-2eme-partie-linformation-prealable-des-salaries-en-cas-de-cession-de-lentreprise","status":"publish","type":"post","link":"https:\/\/www.neuman-avocat.fr\/publications\/letat-2014-fut-chaud-2eme-partie-linformation-prealable-des-salaries-en-cas-de-cession-de-lentreprise\/","title":{"rendered":"L\u2019\u00e9tat (2014) fut chaud \u2013 2\u00e8me partie : l\u2019information pr\u00e9alable des salari\u00e9s en cas de cession de l&rsquo;entreprise"},"content":{"rendered":"<p>Rappel :<\/p>\n<p><em>Alors qu&rsquo;une partie de la France n\u2019a pas \u00e9t\u00e9 sevr\u00e9e de soleil cet \u00e9t\u00e9, loin s\u2019en faut, une certaine fi\u00e8vre l\u00e9gislative a enflamm\u00e9 les mois de juin et juillet 2014.<\/em><\/p>\n<p><em>En particulier, deux lois importantes sont intervenues, \u00e0 savoir la <a href=\"https:\/\/www.legifrance.gouv.fr\/affichTexte.do?cidTexte=JORFTEXT000029101502&amp;categorieLien=id\" target=\"_blank\" rel=\"noopener noreferrer\">loi n\u00b0 2014-626 du 18 juin 2014 (dite loi \u00ab\u00a0Pinel\u00a0\u00bb)<\/a>, qui a notamment modifi\u00e9 le droit des baux commerciaux (dont l&rsquo;influence sur le droit des baux d\u00e9rogatoires au statut des baux commerciaux a \u00e9t\u00e9 \u00e9voqu\u00e9e <a href=\"https:\/\/www.neuman-avocat.fr\/publications\/le-bail-derogatoire-prend-de-plus\/\" target=\"_blank\" rel=\"noopener noreferrer\">ici<\/a>) et la <a href=\"https:\/\/www.legifrance.gouv.fr\/affichTexte.do?cidTexte=JORFTEXT000029313296&amp;categorieLien=id\" target=\"_blank\" rel=\"noopener noreferrer\">loi n\u00b0 2014-856 du 31 juillet 2014 relative \u00e0 l&rsquo;\u00e9conomie sociale et solidaire (dite loi \u00ab\u00a0ESS\u00a0\u00bb)<\/a>.<\/em><\/p>\n<p><em>Ces deux textes ont un point commun, en ce qu&rsquo;ils ont chacun institu\u00e9, dans des processus de vente (d&rsquo;un bien immobilier pour la loi Pinel, d&rsquo;une entreprise pour la loi ESS), l&rsquo;intervention pr\u00e9alable de \u00ab\u00a0tiers\u00a0\u00bb aux contrats de vente, le terme \u00ab\u00a0tiers\u00a0\u00bb \u00e9tant pris dans le sens de l\u2019article 1165 du code civil (\u00e9tranger aux \u00ab\u00a0parties contractantes\u00a0\u00bb).<\/em><\/p>\n<p><em>Lesdits \u00ab\u00a0tiers\u00a0\u00bb (le preneur commercial dans la loi Pinel et les salari\u00e9s de l\u2019entreprise dans la loi ESS) disposent d\u00e9sormais respectivement d&rsquo;un droit de pr\u00e9f\u00e9rence et d&rsquo;un droit d&rsquo;information pr\u00e9alable.<\/em><\/p>\n<p><a href=\"https:\/\/www.neuman-avocat.fr\/publications\/lete-2014-fut-chaud-1ere-partie-le-droit-de-preference-du-preneur-commercial\/\">La premi\u00e8re partie de cet article \u00e9tait relative au droit de pr\u00e9f\u00e9rence du preneur commercial, en cas de vente des locaux lou\u00e9s <\/a>(<a href=\"https:\/\/www.legifrance.gouv.fr\/affichCodeArticle.do;jsessionid=9DEEF0FDD790AA2201BE39995597369A.tplgfr34s_2?idArticle=LEGIARTI000029104262&amp;cidTexte=LEGITEXT000005634379&amp;dateTexte=20180324\" target=\"_blank\" rel=\"noopener noreferrer\">article L.145-46-1 du Code de Commerce<\/a>).<\/p>\n<p>Cette seconde partie concerne l\u2019information pr\u00e9alable due aux salari\u00e9s en cas de vente du fonds de commerce ou de la majorit\u00e9 des titres de l\u2019entreprise (articles <a href=\"https:\/\/www.legifrance.gouv.fr\/affichCodeArticle.do?cidTexte=LEGITEXT000005634379&amp;idArticle=LEGIARTI000031012726&amp;dateTexte=&amp;categorieLien=id\" target=\"_blank\" rel=\"noopener noreferrer\">L.23-10-1<\/a> \u00e0 <a href=\"https:\/\/www.legifrance.gouv.fr\/affichCodeArticle.do;jsessionid=9DEEF0FDD790AA2201BE39995597369A.tplgfr34s_2?idArticle=LEGIARTI000031012704&amp;cidTexte=LEGITEXT000005634379&amp;dateTexte=20180324\" target=\"_blank\" rel=\"noopener noreferrer\">L.23-10-12<\/a> et <a href=\"https:\/\/www.legifrance.gouv.fr\/affichCodeArticle.do?cidTexte=LEGITEXT000005634379&amp;idArticle=LEGIARTI000031012733&amp;dateTexte=&amp;categorieLien=id\" target=\"_blank\" rel=\"noopener noreferrer\">L.141-23<\/a> \u00e0 <a href=\"https:\/\/www.legifrance.gouv.fr\/affichCodeArticle.do;jsessionid=9DEEF0FDD790AA2201BE39995597369A.tplgfr34s_2?idArticle=LEGIARTI000031012700&amp;cidTexte=LEGITEXT000005634379&amp;dateTexte=20180324\" target=\"_blank\" rel=\"noopener noreferrer\">L.141-32<\/a> du Code de Commerce).<\/p>\n<p>La loi ESS a donc instaur\u00e9 une obligation d\u2019information des salari\u00e9s, en cas de vente de leur entreprise, qui se d\u00e9cline en deux temps.<\/p>\n<p><em><strong><span style=\"text-decoration: underline;\">Cet article a \u00e9t\u00e9 actualis\u00e9 des suites de la <a href=\"https:\/\/www.legifrance.gouv.fr\/affichTexte.do;jsessionid=3EACEC94C3B270BC0BA3406945BB7DE2.tpdila12v_1?cidTexte=JORFTEXT000030978561&amp;dateTexte=29990101\">loi Macron du 6 ao\u00fbt 2015<\/a><\/span>.<\/strong><\/em><\/p>\n<h4><strong>I. Une obligation r\u00e9guli\u00e8re<\/strong><\/h4>\n<p>L\u2019<a href=\"https:\/\/www.legifrance.gouv.fr\/affichTexteArticle.do;jsessionid=309E18096B5DC1B0B13946F2DF9AAB8D.tplgfr39s_2?idArticle=LEGIARTI000030982326&amp;cidTexte=LEGITEXT000030981713&amp;dateTexte=20180324\" target=\"_blank\" rel=\"noopener noreferrer\">article 18<\/a> de la loi, qui n\u2019a modifi\u00e9 aucun article codifi\u00e9, dispose que dans toutes les entreprises de moins de 250 salari\u00e9s, le personnel doit \u00eatre inform\u00e9 sur les possibilit\u00e9s de reprise de la soci\u00e9t\u00e9 et ce, au moins tous les 3 ans.<\/p>\n<p>L\u2019information portera sur les conditions juridiques de la reprise, ses avantages et ses difficult\u00e9s, ainsi que sur les dispositifs d\u2019aide dont les salari\u00e9s peuvent b\u00e9n\u00e9ficier.<\/p>\n<p>Le contenu pr\u00e9cis et les modalit\u00e9s de la communication seront pr\u00e9cis\u00e9s par un d\u00e9cret \u00e0 venir.<\/p>\n<p>Aucune sanction n\u2019est envisag\u00e9e \u00e0 ce stade.<\/p>\n<h4><strong>II. Une obligation ponctuelle<\/strong><\/h4>\n<p>Lors d\u2019une vente de fonds de commerce ou de la majorit\u00e9 des titres d\u2019une entreprise, les salari\u00e9s doivent \u00eatre inform\u00e9s du projet envisag\u00e9.<\/p>\n<p>Ces nouvelles dispositions seront applicables aux cessions conclues \u00e0 compter du 1<sup>er<\/sup> novembre 2014.<\/p>\n<p>Qu\u2019est-ce qu\u2019une vente \u00ab\u00a0conclue\u00a0\u00bb\u00a0?<\/p>\n<p>Compte tenu de la grande marge d\u2019interpr\u00e9tation de cette notion, il faut s\u2019entourer de pr\u00e9cautions, avant m\u00eame la date d\u2019entr\u00e9e en vigueur officielle de l\u2019obligation d\u2019information, si une vente est en cours de discussion.<\/p>\n<h5><em><strong>2.1.\u00a0\u00a0\u00a0\u00a0 Quelles sont les ventes concern\u00e9es\u00a0?<\/strong><\/em><\/h5>\n<p>Les ventes g\u00e9n\u00e9rant un droit \u00e0 information pr\u00e9alable des salari\u00e9s sont celles portant sur le fonds de commerce auquel les salari\u00e9s sont rattach\u00e9s (<a href=\"https:\/\/www.legifrance.gouv.fr\/affichCodeArticle.do?cidTexte=LEGITEXT000005634379&amp;idArticle=LEGIARTI000031012733&amp;dateTexte=&amp;categorieLien=id\" target=\"_blank\" rel=\"noopener noreferrer\">L.141-23<\/a> \u00e0 <a href=\"https:\/\/www.legifrance.gouv.fr\/affichCodeArticle.do;jsessionid=9DEEF0FDD790AA2201BE39995597369A.tplgfr34s_2?idArticle=LEGIARTI000031012700&amp;cidTexte=LEGITEXT000005634379&amp;dateTexte=20180324\" target=\"_blank\" rel=\"noopener noreferrer\">L.141-32<\/a> du Code de Commerce) ou sur la majorit\u00e9 (plus de 50 %) des droits sociaux de la soci\u00e9t\u00e9 qui les emploie (articles <a href=\"https:\/\/www.legifrance.gouv.fr\/affichCodeArticle.do?cidTexte=LEGITEXT000005634379&amp;idArticle=LEGIARTI000031012726&amp;dateTexte=&amp;categorieLien=id\" target=\"_blank\" rel=\"noopener noreferrer\">L.23-10-1<\/a> \u00e0 <a href=\"https:\/\/www.legifrance.gouv.fr\/affichCodeArticle.do;jsessionid=9DEEF0FDD790AA2201BE39995597369A.tplgfr34s_2?idArticle=LEGIARTI000031012704&amp;cidTexte=LEGITEXT000005634379&amp;dateTexte=20180324\" target=\"_blank\" rel=\"noopener noreferrer\">L.23-10-12<\/a> du Code de Commerce).<\/p>\n<p>Le droit \u00e0 information pr\u00e9alable est applicable dans les entreprises comprenant jusqu\u2019\u00e0 249 salari\u00e9s, \u00e9tant pr\u00e9cis\u00e9 que sont exclues les op\u00e9rations de vente :<\/p>\n<ul>\n<li>r\u00e9alis\u00e9es dans le cadre d\u2019une vente du fonds au conjoint, \u00e0 un ascendant ou descendant,<\/li>\n<\/ul>\n<ul>\n<li>concernant des entreprises en cours de proc\u00e9dure de conciliation, de sauvegarde, de redressement ou de liquidation judiciaire\u00a0: \u00e9tonnamment, le mandat ad hoc n\u2019est pas cit\u00e9 parmi les cas d\u2019exemption de l\u2019obligation d\u2019information pr\u00e9alable.<\/li>\n<\/ul>\n<h5><em><strong>2.2. Comment \u00e7a se passe\u00a0?<\/strong><\/em><\/h5>\n<p>L\u2019information sur le projet de vente du fonds de commerce ou de plus de 50\u00a0% des parts sociales d\u2019une SARL ou d\u2019actions ou valeurs mobili\u00e8res donnant acc\u00e8s \u00e0 la majorit\u00e9 du capital d\u2019une soci\u00e9t\u00e9 par actions doit \u00eatre effectu\u00e9e au plus tard <b>2 mois avant la vente<\/b>.<\/p>\n<p>Les salari\u00e9s, qui sont tenus \u00e0 une obligation de discr\u00e9tion \u00e0 r\u00e9ception de cette information, se voient octroyer la possibilit\u00e9 de faire leur propre offre de rachat.<\/p>\n<p>La vente peut intervenir avant l\u2019expiration du d\u00e9lai de 2 mois d\u00e8s lors que chaque salari\u00e9 a fait conna\u00eetre au c\u00e9dant sa d\u00e9cision de ne pas pr\u00e9senter d\u2019offre.<\/p>\n<p>De mani\u00e8re surprenante, le d\u00e9biteur de l\u2019information varie selon la situation\u00a0:<\/p>\n<p>&#8211;\u00a0\u00a0\u00a0\u00a0\u00a0\u00a0\u00a0\u00a0\u00a0 en cas de vente du fonds de commerce par son exploitant, c\u2019est celui-ci qui en informe les salari\u00e9s\u00a0;<\/p>\n<p>&#8211;\u00a0\u00a0\u00a0\u00a0\u00a0\u00a0\u00a0\u00a0\u00a0 en cas de vente du fonds de commerce par un propri\u00e9taire non-exploitant, il revient \u00e0 l\u2019exploitant, notifi\u00e9 par le propri\u00e9taire, de r\u00e9percuter cette information aupr\u00e8s des salari\u00e9s\u00a0: gare \u00e0 l\u2019exploitant n\u00e9gligent, car le d\u00e9lai de deux mois court non pas de l\u2019information faite aux salari\u00e9s, mais de la r\u00e9ception de la notification faite par le propri\u00e9taire c\u00e9dant \u00e0 l\u2019exploitant\u00a0!<\/p>\n<p>&#8211;\u00a0\u00a0\u00a0\u00a0\u00a0\u00a0\u00a0\u00a0\u00a0 en cas de vente de la majorit\u00e9 des titres d\u2019une soci\u00e9t\u00e9, il revient au chef d\u2019entreprise d\u2019informer les salari\u00e9s\u00a0: or, le c\u00e9dant n\u2019est pas toujours le chef d\u2019entreprise, de sorte que celui-ci se voit imposer de nouvelles contraintes (et responsabilit\u00e9s\u00a0!).<\/p>\n<p>L\u2019information est transmise soit, lorsqu\u2019elles existent, par les institutions repr\u00e9sentatives du personnel (comit\u00e9 d\u2019entreprise, d\u00e9l\u00e9gu\u00e9s du personnel&#8230;), soit directement aupr\u00e8s des salari\u00e9s.<\/p>\n<p>La vente envisag\u00e9e peut avoir lieu dans une p\u00e9riode comprise entre la fin du d\u00e9lai de 2 mois susvis\u00e9 et 2 ans apr\u00e8s l\u2019expiration dudit d\u00e9lai. Si elle n\u2019a pas lieu \u00e0 l\u2019issue de cette p\u00e9riode, tout nouveau projet de vente doit faire l\u2019objet d\u2019une nouvelle information aux salari\u00e9s.<\/p>\n<h4><em><strong>2.3.\u00a0\u00a0\u00a0\u00a0 Quelle sanction\u00a0?<\/strong><\/em><\/h4>\n<p>Le d\u00e9faut d\u2019information est sanctionn\u00e9, depuis la loi Macron, par une amende civile, prononc\u00e9e par le Minist\u00e8re Public, dont le montant ne peut exc\u00e9der 2% du montant de la vente\u00a0 : auparavant, la sanction, s\u00e9v\u00e8re, \u00e9tait la nullit\u00e9 de la vente.<\/p>\n<p>Toutefois, ladite nullit\u00e9 doit \u00eatre express\u00e9ment demand\u00e9e et n\u2019est pas automatique.<\/p>\n<h5><em><strong>2.4.\u00a0\u00a0\u00a0\u00a0 Question subsidiaire\u00a0: le rejet de l\u2019offre des salari\u00e9s<\/strong><\/em><\/h5>\n<p>La loi ESS avait vocation \u00e0 permettre le rachat de leur entreprise par les salari\u00e9s y travaillant.<\/p>\n<p>Toutefois, rien ne permet de dire que l\u2019offre de rachat formul\u00e9e par les salari\u00e9s, m\u00eame mieux-disante, devrait \u00eatre obligatoirement retenue par le c\u00e9dant.<\/p>\n<p>En effet, la loi n\u2019institue pas un droit de priorit\u00e9, de pr\u00e9f\u00e9rence ou de pr\u00e9emption sur l\u2019entreprise, au profit des salari\u00e9s.<\/p>\n<p>Nul doute que si la d\u00e9marche du c\u00e9dant se cantonne \u00e0 une information, les salari\u00e9s pr\u00e9sentant une offre \u00e9cart\u00e9e purement et simplement risquent de vivre assez mal la situation, ce qui laisse pr\u00e9sager, pour le repreneur, de lendemains d\u00e9licats.<\/p>\n<p><span style=\"text-decoration: underline;\"><strong><em>Vos commentaires sont lus : il y est r\u00e9pondu par courriel, de mani\u00e8re confidentielle et personnelle, \u00e0 l\u2019adresse mail que vous renseignez.<\/em><\/strong><\/span><\/p>\n","protected":false},"excerpt":{"rendered":"<p>Rappel : Alors qu&rsquo;une partie de la France n\u2019a pas \u00e9t\u00e9 sevr\u00e9e de soleil cet \u00e9t\u00e9, loin s\u2019en faut, une certaine fi\u00e8vre l\u00e9gislative a enflamm\u00e9 les mois de juin et juillet 2014. En particulier, deux lois importantes sont intervenues, \u00e0 savoir la loi n\u00b0 2014-626 du 18 juin 2014 (dite loi \u00ab\u00a0Pinel\u00a0\u00bb), qui a notamment modifi\u00e9 le droit des baux commerciaux (dont l&rsquo;influence sur le droit des baux d\u00e9rogatoires au statut des baux commerciaux a \u00e9t\u00e9 \u00e9voqu\u00e9e ici) et la loi n\u00b0 2014-856 du 31 juillet 2014 relative \u00e0 l&rsquo;\u00e9conomie sociale et solidaire (dite loi \u00ab\u00a0ESS\u00a0\u00bb). Ces deux textes ont &hellip; <a href=\"https:\/\/www.neuman-avocat.fr\/publications\/letat-2014-fut-chaud-2eme-partie-linformation-prealable-des-salaries-en-cas-de-cession-de-lentreprise\/\" class=\"more-link\">Continuer la lecture de <span class=\"screen-reader-text\">L\u2019\u00e9tat (2014) fut chaud \u2013 2\u00e8me partie : l\u2019information pr\u00e9alable des salari\u00e9s en cas de cession de l&rsquo;entreprise<\/span> <span class=\"meta-nav\">&rarr;<\/span><\/a><\/p>\n","protected":false},"author":2,"featured_media":0,"comment_status":"open","ping_status":"open","sticky":false,"template":"","format":"standard","meta":{"footnotes":""},"categories":[17],"tags":[81,85,82,79,84,83,87,86,80],"class_list":["post-110","post","type-post","status-publish","format-standard","hentry","category-publications","tag-cession-de-fonds-de-commerce","tag-cession-de-la-majorite-des-actions","tag-cession-de-la-majorite-des-parts","tag-information-des-salaries","tag-loi-du-31-juillet-2014","tag-loi-ess","tag-offre-de-rachat-des-salaries","tag-plus-de-50","tag-vente-de-lentreprise"],"yoast_head":"<!-- This site is optimized with the Yoast SEO plugin v27.4 - https:\/\/yoast.com\/product\/yoast-seo-wordpress\/ -->\n<title>L\u2019\u00e9tat (2014) fut chaud \u2013 2\u00e8me partie : l\u2019information pr\u00e9alable des salari\u00e9s en cas de cession de l&#039;entreprise - Publications Neuman Avocat<\/title>\n<meta name=\"description\" content=\"La loi ESS du 31 juillet 2014 a instaur\u00e9 une obligation d\u2019information des salari\u00e9s, en cas de cession de leur entreprise, qui se d\u00e9cline en deux temps.\" \/>\n<meta name=\"robots\" content=\"index, follow, max-snippet:-1, max-image-preview:large, max-video-preview:-1\" \/>\n<link rel=\"canonical\" href=\"https:\/\/www.neuman-avocat.fr\/publications\/letat-2014-fut-chaud-2eme-partie-linformation-prealable-des-salaries-en-cas-de-cession-de-lentreprise\/\" \/>\n<meta property=\"og:locale\" content=\"fr_FR\" \/>\n<meta property=\"og:type\" content=\"article\" \/>\n<meta property=\"og:title\" content=\"L\u2019\u00e9tat (2014) fut chaud \u2013 2\u00e8me partie : l\u2019information pr\u00e9alable des salari\u00e9s en cas de cession de l&#039;entreprise - Publications Neuman Avocat\" \/>\n<meta property=\"og:description\" content=\"La loi ESS du 31 juillet 2014 a instaur\u00e9 une obligation d\u2019information des salari\u00e9s, en cas de cession de leur entreprise, qui se d\u00e9cline en deux temps.\" \/>\n<meta property=\"og:url\" content=\"https:\/\/www.neuman-avocat.fr\/publications\/letat-2014-fut-chaud-2eme-partie-linformation-prealable-des-salaries-en-cas-de-cession-de-lentreprise\/\" \/>\n<meta property=\"og:site_name\" content=\"Publications Neuman Avocat\" \/>\n<meta property=\"article:published_time\" content=\"2014-09-27T13:29:10+00:00\" \/>\n<meta property=\"article:modified_time\" content=\"2019-10-31T08:23:35+00:00\" \/>\n<meta name=\"author\" content=\"mneuman\" \/>\n<meta name=\"twitter:card\" content=\"summary_large_image\" \/>\n<meta name=\"twitter:label1\" content=\"\u00c9crit par\" \/>\n\t<meta name=\"twitter:data1\" content=\"mneuman\" \/>\n\t<meta name=\"twitter:label2\" content=\"Dur\u00e9e de lecture estim\u00e9e\" \/>\n\t<meta name=\"twitter:data2\" content=\"6 minutes\" \/>\n<script type=\"application\/ld+json\" class=\"yoast-schema-graph\">{\"@context\":\"https:\\\/\\\/schema.org\",\"@graph\":[{\"@type\":\"Article\",\"@id\":\"https:\\\/\\\/www.neuman-avocat.fr\\\/publications\\\/letat-2014-fut-chaud-2eme-partie-linformation-prealable-des-salaries-en-cas-de-cession-de-lentreprise\\\/#article\",\"isPartOf\":{\"@id\":\"https:\\\/\\\/www.neuman-avocat.fr\\\/publications\\\/letat-2014-fut-chaud-2eme-partie-linformation-prealable-des-salaries-en-cas-de-cession-de-lentreprise\\\/\"},\"author\":{\"name\":\"mneuman\",\"@id\":\"https:\\\/\\\/www.neuman-avocat.fr\\\/publications\\\/#\\\/schema\\\/person\\\/ddcc6d3a53112a8d9182f724eee641b1\"},\"headline\":\"L\u2019\u00e9tat (2014) fut chaud \u2013 2\u00e8me partie : l\u2019information pr\u00e9alable des salari\u00e9s en cas de cession de l&rsquo;entreprise\",\"datePublished\":\"2014-09-27T13:29:10+00:00\",\"dateModified\":\"2019-10-31T08:23:35+00:00\",\"mainEntityOfPage\":{\"@id\":\"https:\\\/\\\/www.neuman-avocat.fr\\\/publications\\\/letat-2014-fut-chaud-2eme-partie-linformation-prealable-des-salaries-en-cas-de-cession-de-lentreprise\\\/\"},\"wordCount\":1268,\"commentCount\":0,\"keywords\":[\"cession de fonds de commerce\",\"cession de la majorit\u00e9 des actions\",\"cession de la majorit\u00e9 des parts\",\"information des salari\u00e9s\",\"loi du 31 juillet 2014\",\"loi ESS\",\"offre de rachat des salari\u00e9s\",\"plus de 50 %\",\"vente de l'entreprise\"],\"articleSection\":[\"Publications\"],\"inLanguage\":\"fr-FR\",\"potentialAction\":[{\"@type\":\"CommentAction\",\"name\":\"Comment\",\"target\":[\"https:\\\/\\\/www.neuman-avocat.fr\\\/publications\\\/letat-2014-fut-chaud-2eme-partie-linformation-prealable-des-salaries-en-cas-de-cession-de-lentreprise\\\/#respond\"]}]},{\"@type\":\"WebPage\",\"@id\":\"https:\\\/\\\/www.neuman-avocat.fr\\\/publications\\\/letat-2014-fut-chaud-2eme-partie-linformation-prealable-des-salaries-en-cas-de-cession-de-lentreprise\\\/\",\"url\":\"https:\\\/\\\/www.neuman-avocat.fr\\\/publications\\\/letat-2014-fut-chaud-2eme-partie-linformation-prealable-des-salaries-en-cas-de-cession-de-lentreprise\\\/\",\"name\":\"L\u2019\u00e9tat (2014) fut chaud \u2013 2\u00e8me partie : l\u2019information pr\u00e9alable des salari\u00e9s en cas de cession de l'entreprise - Publications Neuman Avocat\",\"isPartOf\":{\"@id\":\"https:\\\/\\\/www.neuman-avocat.fr\\\/publications\\\/#website\"},\"datePublished\":\"2014-09-27T13:29:10+00:00\",\"dateModified\":\"2019-10-31T08:23:35+00:00\",\"author\":{\"@id\":\"https:\\\/\\\/www.neuman-avocat.fr\\\/publications\\\/#\\\/schema\\\/person\\\/ddcc6d3a53112a8d9182f724eee641b1\"},\"description\":\"La loi ESS du 31 juillet 2014 a instaur\u00e9 une obligation d\u2019information des salari\u00e9s, en cas de cession de leur entreprise, qui se d\u00e9cline en deux temps.\",\"breadcrumb\":{\"@id\":\"https:\\\/\\\/www.neuman-avocat.fr\\\/publications\\\/letat-2014-fut-chaud-2eme-partie-linformation-prealable-des-salaries-en-cas-de-cession-de-lentreprise\\\/#breadcrumb\"},\"inLanguage\":\"fr-FR\",\"potentialAction\":[{\"@type\":\"ReadAction\",\"target\":[\"https:\\\/\\\/www.neuman-avocat.fr\\\/publications\\\/letat-2014-fut-chaud-2eme-partie-linformation-prealable-des-salaries-en-cas-de-cession-de-lentreprise\\\/\"]}]},{\"@type\":\"BreadcrumbList\",\"@id\":\"https:\\\/\\\/www.neuman-avocat.fr\\\/publications\\\/letat-2014-fut-chaud-2eme-partie-linformation-prealable-des-salaries-en-cas-de-cession-de-lentreprise\\\/#breadcrumb\",\"itemListElement\":[{\"@type\":\"ListItem\",\"position\":1,\"name\":\"Accueil\",\"item\":\"https:\\\/\\\/www.neuman-avocat.fr\\\/publications\\\/\"},{\"@type\":\"ListItem\",\"position\":2,\"name\":\"L\u2019\u00e9tat (2014) fut chaud \u2013 2\u00e8me partie : l\u2019information pr\u00e9alable des salari\u00e9s en cas de cession de l&rsquo;entreprise\"}]},{\"@type\":\"WebSite\",\"@id\":\"https:\\\/\\\/www.neuman-avocat.fr\\\/publications\\\/#website\",\"url\":\"https:\\\/\\\/www.neuman-avocat.fr\\\/publications\\\/\",\"name\":\"Publications Neuman Avocat\",\"description\":\"\",\"potentialAction\":[{\"@type\":\"SearchAction\",\"target\":{\"@type\":\"EntryPoint\",\"urlTemplate\":\"https:\\\/\\\/www.neuman-avocat.fr\\\/publications\\\/?s={search_term_string}\"},\"query-input\":{\"@type\":\"PropertyValueSpecification\",\"valueRequired\":true,\"valueName\":\"search_term_string\"}}],\"inLanguage\":\"fr-FR\"},{\"@type\":\"Person\",\"@id\":\"https:\\\/\\\/www.neuman-avocat.fr\\\/publications\\\/#\\\/schema\\\/person\\\/ddcc6d3a53112a8d9182f724eee641b1\",\"name\":\"mneuman\",\"url\":\"https:\\\/\\\/www.neuman-avocat.fr\\\/publications\\\/author\\\/mneuman\\\/\"}]}<\/script>\n<!-- \/ Yoast SEO plugin. -->","yoast_head_json":{"title":"L\u2019\u00e9tat (2014) fut chaud \u2013 2\u00e8me partie : l\u2019information pr\u00e9alable des salari\u00e9s en cas de cession de l'entreprise - Publications Neuman Avocat","description":"La loi ESS du 31 juillet 2014 a instaur\u00e9 une obligation d\u2019information des salari\u00e9s, en cas de cession de leur entreprise, qui se d\u00e9cline en deux temps.","robots":{"index":"index","follow":"follow","max-snippet":"max-snippet:-1","max-image-preview":"max-image-preview:large","max-video-preview":"max-video-preview:-1"},"canonical":"https:\/\/www.neuman-avocat.fr\/publications\/letat-2014-fut-chaud-2eme-partie-linformation-prealable-des-salaries-en-cas-de-cession-de-lentreprise\/","og_locale":"fr_FR","og_type":"article","og_title":"L\u2019\u00e9tat (2014) fut chaud \u2013 2\u00e8me partie : l\u2019information pr\u00e9alable des salari\u00e9s en cas de cession de l'entreprise - Publications Neuman Avocat","og_description":"La loi ESS du 31 juillet 2014 a instaur\u00e9 une obligation d\u2019information des salari\u00e9s, en cas de cession de leur entreprise, qui se d\u00e9cline en deux temps.","og_url":"https:\/\/www.neuman-avocat.fr\/publications\/letat-2014-fut-chaud-2eme-partie-linformation-prealable-des-salaries-en-cas-de-cession-de-lentreprise\/","og_site_name":"Publications Neuman Avocat","article_published_time":"2014-09-27T13:29:10+00:00","article_modified_time":"2019-10-31T08:23:35+00:00","author":"mneuman","twitter_card":"summary_large_image","twitter_misc":{"\u00c9crit par":"mneuman","Dur\u00e9e de lecture estim\u00e9e":"6 minutes"},"schema":{"@context":"https:\/\/schema.org","@graph":[{"@type":"Article","@id":"https:\/\/www.neuman-avocat.fr\/publications\/letat-2014-fut-chaud-2eme-partie-linformation-prealable-des-salaries-en-cas-de-cession-de-lentreprise\/#article","isPartOf":{"@id":"https:\/\/www.neuman-avocat.fr\/publications\/letat-2014-fut-chaud-2eme-partie-linformation-prealable-des-salaries-en-cas-de-cession-de-lentreprise\/"},"author":{"name":"mneuman","@id":"https:\/\/www.neuman-avocat.fr\/publications\/#\/schema\/person\/ddcc6d3a53112a8d9182f724eee641b1"},"headline":"L\u2019\u00e9tat (2014) fut chaud \u2013 2\u00e8me partie : l\u2019information pr\u00e9alable des salari\u00e9s en cas de cession de l&rsquo;entreprise","datePublished":"2014-09-27T13:29:10+00:00","dateModified":"2019-10-31T08:23:35+00:00","mainEntityOfPage":{"@id":"https:\/\/www.neuman-avocat.fr\/publications\/letat-2014-fut-chaud-2eme-partie-linformation-prealable-des-salaries-en-cas-de-cession-de-lentreprise\/"},"wordCount":1268,"commentCount":0,"keywords":["cession de fonds de commerce","cession de la majorit\u00e9 des actions","cession de la majorit\u00e9 des parts","information des salari\u00e9s","loi du 31 juillet 2014","loi ESS","offre de rachat des salari\u00e9s","plus de 50 %","vente de l'entreprise"],"articleSection":["Publications"],"inLanguage":"fr-FR","potentialAction":[{"@type":"CommentAction","name":"Comment","target":["https:\/\/www.neuman-avocat.fr\/publications\/letat-2014-fut-chaud-2eme-partie-linformation-prealable-des-salaries-en-cas-de-cession-de-lentreprise\/#respond"]}]},{"@type":"WebPage","@id":"https:\/\/www.neuman-avocat.fr\/publications\/letat-2014-fut-chaud-2eme-partie-linformation-prealable-des-salaries-en-cas-de-cession-de-lentreprise\/","url":"https:\/\/www.neuman-avocat.fr\/publications\/letat-2014-fut-chaud-2eme-partie-linformation-prealable-des-salaries-en-cas-de-cession-de-lentreprise\/","name":"L\u2019\u00e9tat (2014) fut chaud \u2013 2\u00e8me partie : l\u2019information pr\u00e9alable des salari\u00e9s en cas de cession de l'entreprise - Publications Neuman Avocat","isPartOf":{"@id":"https:\/\/www.neuman-avocat.fr\/publications\/#website"},"datePublished":"2014-09-27T13:29:10+00:00","dateModified":"2019-10-31T08:23:35+00:00","author":{"@id":"https:\/\/www.neuman-avocat.fr\/publications\/#\/schema\/person\/ddcc6d3a53112a8d9182f724eee641b1"},"description":"La loi ESS du 31 juillet 2014 a instaur\u00e9 une obligation d\u2019information des salari\u00e9s, en cas de cession de leur entreprise, qui se d\u00e9cline en deux temps.","breadcrumb":{"@id":"https:\/\/www.neuman-avocat.fr\/publications\/letat-2014-fut-chaud-2eme-partie-linformation-prealable-des-salaries-en-cas-de-cession-de-lentreprise\/#breadcrumb"},"inLanguage":"fr-FR","potentialAction":[{"@type":"ReadAction","target":["https:\/\/www.neuman-avocat.fr\/publications\/letat-2014-fut-chaud-2eme-partie-linformation-prealable-des-salaries-en-cas-de-cession-de-lentreprise\/"]}]},{"@type":"BreadcrumbList","@id":"https:\/\/www.neuman-avocat.fr\/publications\/letat-2014-fut-chaud-2eme-partie-linformation-prealable-des-salaries-en-cas-de-cession-de-lentreprise\/#breadcrumb","itemListElement":[{"@type":"ListItem","position":1,"name":"Accueil","item":"https:\/\/www.neuman-avocat.fr\/publications\/"},{"@type":"ListItem","position":2,"name":"L\u2019\u00e9tat (2014) fut chaud \u2013 2\u00e8me partie : l\u2019information pr\u00e9alable des salari\u00e9s en cas de cession de l&rsquo;entreprise"}]},{"@type":"WebSite","@id":"https:\/\/www.neuman-avocat.fr\/publications\/#website","url":"https:\/\/www.neuman-avocat.fr\/publications\/","name":"Publications Neuman Avocat","description":"","potentialAction":[{"@type":"SearchAction","target":{"@type":"EntryPoint","urlTemplate":"https:\/\/www.neuman-avocat.fr\/publications\/?s={search_term_string}"},"query-input":{"@type":"PropertyValueSpecification","valueRequired":true,"valueName":"search_term_string"}}],"inLanguage":"fr-FR"},{"@type":"Person","@id":"https:\/\/www.neuman-avocat.fr\/publications\/#\/schema\/person\/ddcc6d3a53112a8d9182f724eee641b1","name":"mneuman","url":"https:\/\/www.neuman-avocat.fr\/publications\/author\/mneuman\/"}]}},"_links":{"self":[{"href":"https:\/\/www.neuman-avocat.fr\/publications\/wp-json\/wp\/v2\/posts\/110","targetHints":{"allow":["GET"]}}],"collection":[{"href":"https:\/\/www.neuman-avocat.fr\/publications\/wp-json\/wp\/v2\/posts"}],"about":[{"href":"https:\/\/www.neuman-avocat.fr\/publications\/wp-json\/wp\/v2\/types\/post"}],"author":[{"embeddable":true,"href":"https:\/\/www.neuman-avocat.fr\/publications\/wp-json\/wp\/v2\/users\/2"}],"replies":[{"embeddable":true,"href":"https:\/\/www.neuman-avocat.fr\/publications\/wp-json\/wp\/v2\/comments?post=110"}],"version-history":[{"count":0,"href":"https:\/\/www.neuman-avocat.fr\/publications\/wp-json\/wp\/v2\/posts\/110\/revisions"}],"wp:attachment":[{"href":"https:\/\/www.neuman-avocat.fr\/publications\/wp-json\/wp\/v2\/media?parent=110"}],"wp:term":[{"taxonomy":"category","embeddable":true,"href":"https:\/\/www.neuman-avocat.fr\/publications\/wp-json\/wp\/v2\/categories?post=110"},{"taxonomy":"post_tag","embeddable":true,"href":"https:\/\/www.neuman-avocat.fr\/publications\/wp-json\/wp\/v2\/tags?post=110"}],"curies":[{"name":"wp","href":"https:\/\/api.w.org\/{rel}","templated":true}]}}