{"id":116,"date":"2014-11-11T23:32:52","date_gmt":"2014-11-11T22:32:52","guid":{"rendered":"http:\/\/www.neuman-avocat.fr\/publications\/?p=116"},"modified":"2018-03-24T13:16:14","modified_gmt":"2018-03-24T12:16:14","slug":"baux-commerciaux-qui-doit-payer-la-taxe-fonciere","status":"publish","type":"post","link":"https:\/\/www.neuman-avocat.fr\/publications\/baux-commerciaux-qui-doit-payer-la-taxe-fonciere\/","title":{"rendered":"Baux commerciaux : qui doit payer la taxe fonci\u00e8re ?"},"content":{"rendered":"<div>\n<p>Comme chacun sait d\u00e9sormais, la <a href=\"https:\/\/www.legifrance.gouv.fr\/affichTexte.do?cidTexte=JORFTEXT000029101502&amp;categorieLien=id\" target=\"_blank\" rel=\"noopener\">loi n\u00b0 2014-626 du 18 juin 2014 (dite loi \u00ab\u00a0Pinel\u00a0\u00bb)<\/a> a introduit quelques nouveaut\u00e9s dans le r\u00e9gime des baux commerciaux, d&rsquo;application imm\u00e9diate pour certaines et diff\u00e9r\u00e9es pour d&rsquo;autres, notamment dans l&rsquo;attente d&rsquo;un d\u00e9cret d&rsquo;application.<\/p>\n<p>La question qui br\u00fbla rapidement les l\u00e8vres des sp\u00e9cialistes et qui donna quelques sueurs froides aux bailleurs, fut de savoir si la liste des charges, imp\u00f4ts, taxes et redevances \u00ab\u00a0qui, en raison de leur nature, ne peuvent \u00eatre imput\u00e9s au locataire\u00a0\u00bb, pr\u00e9vue par le nouvel <a href=\"https:\/\/www.legifrance.gouv.fr\/affichCodeArticle.do;jsessionid=89A163A1120AB7AF3C5C9B6B2715668C.tpdila12v_1?idArticle=LEGIARTI000029103688&amp;cidTexte=LEGITEXT000005634379&amp;dateTexte=20170716\" target=\"_blank\" rel=\"noopener\">article L.145-40-2 du Code de Commerce<\/a>, et que le d\u00e9cret d&rsquo;application devait dresser, allait interdire aux bailleurs la possibilit\u00e9, entre autres, de faire supporter \u00e0 leurs preneurs le co\u00fbt de la taxe fonci\u00e8re.<\/p>\n<p>Rappelons que cette taxe, calcul\u00e9e sur la base de la valeur locative cadastrale d&rsquo;un bien immobilier donn\u00e9, \u00e0 laquelle sont d\u00e9duits divers abattements, est fix\u00e9e par les collectivit\u00e9s territoriales et devrait normalement (sauf stipulation contraire, donc&#8230;) \u00eatre support\u00e9e par le bailleur, propri\u00e9taire du foncier en question.<\/p>\n<p>Toutefois, quand il s&rsquo;agit de baux commerciaux, la libert\u00e9 contractuelle est souvent de rigueur.<\/p>\n<p>Les parties au bail commercial pouvaient donc choisir si la taxe fonci\u00e8re \u00e9tait finalement assum\u00e9e par l&rsquo;occupant non propri\u00e9taire, \u00e0 savoir le preneur \u00e0 bail commercial, ou par le bailleur : en pratique, son imputation au preneur a souvent constitu\u00e9 l&rsquo;exemple ultime de la force de n\u00e9gociation du bailleur.<\/p>\n<div>\n<p>Le <a href=\"https:\/\/www.legifrance.gouv.fr\/affichTexte.do?cidTexte=JORFTEXT000029701696&amp;categorieLien=id\" target=\"_blank\" rel=\"noopener\">d\u00e9cret n\u00b0 2014-1317 en date du 3 novembre 2014<\/a> est venu en r\u00e9alit\u00e9 confirmer la situation ant\u00e9rieure.<strong><br \/>\n<\/strong><\/p>\n<h4><strong>I. Avant la loi Pinel : libert\u00e9 (contractuelle), je crie ton nom<\/strong><\/h4>\n<\/div>\n<h5><em>A. Le principe<\/em><\/h5>\n<\/div>\n<p>En mati\u00e8re de baux commerciaux, si un certain nombre de r\u00e8gles rel\u00e8vent de l&rsquo;ordre public et qu&rsquo;il ne peut y \u00eatre d\u00e9rog\u00e9, le contrat fait principalement la loi des parties.<\/p>\n<p>Or, plusieurs contractants font souvent preuve d&rsquo;une l\u00e9g\u00e8ret\u00e9 et d&rsquo;une m\u00e9connaissance, regrettables mais certaines, au moment de signer le bail, certains preneurs, en particulier, venant rapidement \u00e0 s&rsquo;en mordre les doigts.<\/p>\n<p>Compte tenu de ce contexte de libert\u00e9 assez large, les bailleurs de locaux commerciaux ont naturellement \u00e9t\u00e9 tent\u00e9s par l&rsquo;envie de faire supporter \u00e0 leurs preneurs l&rsquo;int\u00e9gralit\u00e9 des charges annexes \u00e0 la propri\u00e9t\u00e9 du bien lou\u00e9.<\/p>\n<p>On a parl\u00e9 alors de \u00ab\u00a0baux triple net\u00a0\u00bb, \u00e0 savoir nets de charges, imp\u00f4ts et travaux rendus n\u00e9cessaires par l&rsquo;\u00e9tat de l&rsquo;immeuble.<\/p>\n<p>Au sujet des imp\u00f4ts, ont donc fleuri, dans les baux commerciaux, des clauses \u00ab\u00a0balai\u00a0\u00bb, r\u00e9dig\u00e9es peu ou prou comme suit :<\/p>\n<blockquote><p><em>\u00ab\u00a0Le Preneur devra acquitter les contributions personnelles et mobili\u00e8res, les taxes locatives et tous autres imp\u00f4ts dont les propri\u00e9taires sont responsables \u00e0 un titre quelconque\u00a0\u00bb<\/em><\/p><\/blockquote>\n<p>Cette r\u00e9daction \u00e9tait alors con\u00e7ue, dans l&rsquo;esprit des bailleurs, pour inclure la taxe fonci\u00e8re, sans la citer express\u00e9ment, pour ne pas \u00e9veiller l&rsquo;attention du preneur n\u00e9gligent et mal conseill\u00e9.<\/p>\n<p>Celui-ci devait donc l&rsquo;assumer chaque ann\u00e9e, alors qu&rsquo;il n&rsquo;avait pas une vocation naturelle \u00e0 subir cet imp\u00f4t, lorsque le l\u00e9gislateur l&rsquo;a institu\u00e9.<\/p>\n<h5><em>B. La jurisprudence<\/em><\/h5>\n<p>Les tribunaux ont pris leur temps, mais ils sont venus mettre un frein aux interpr\u00e9tations extensives de clauses qui nuisaient forc\u00e9ment \u00e0 la partie qui s&rsquo;obligeait (le preneur), car celle-ci ne savait vraisemblablement pas \u00e0 quelle sauce elle allait au final \u00eatre mang\u00e9e.<\/p>\n<p>Ainsi, la Cour d&rsquo;Appel de Paris a men\u00e9 la fronde et, a pu d\u00e9cider qu\u2019une clause d\u2019un bail commercial, qui fait r\u00e9f\u00e9rence \u00e0 \u00ab\u00a0<em>tous imp\u00f4ts dont les propri\u00e9taires sont responsables \u00e0 un titre quelconque<\/em>\u00ab\u00a0, doit \u00eatre interpr\u00e9t\u00e9e comme faisant r\u00e9f\u00e9rence aux imp\u00f4ts habituellement r\u00e9cup\u00e9rables par le bailleur sur le locataire et que tel n&rsquo;est pas le cas de la taxe fonci\u00e8re, la taxe sur les bureaux et la taxe additionnelle, leur \u00e9ventuelle r\u00e9cup\u00e9ration devant donc faire l&rsquo;objet d&rsquo;une stipulation expresse du bail (<a href=\"http:\/\/www.lexisnexis.fr\/droit-document\/article\/loyers-copropriete\/10-2010\/260_PS_LCO_LCO1010CM00260.htm#.WrZBDpeDM2w\" target=\"_blank\" rel=\"noopener\">CA Paris, 5-3e ch., 3 mars 2010, SCI Perrin Bernard &amp; Cie c\/ St\u00e9 Somarco<\/a>).<\/p>\n<p>La Cour de Cassation lui a emboit\u00e9 le pas (<a href=\"https:\/\/www.legifrance.gouv.fr\/affichJuriJudi.do?idTexte=JURITEXT000027253626\" target=\"_blank\" rel=\"noopener\">Cass. 3e\u00a0civ., 26\u00a0mars 2013, n\u00b0\u00a011-24.311<\/a>).<\/p>\n<p>Pour \u00e9viter toute interpr\u00e9tation dans un sens contraire aux int\u00e9r\u00eats des bailleurs, les baux commerciaux les plus r\u00e9cents comprennent, de mani\u00e8re explicite, une r\u00e9f\u00e9rence \u00e0 la taxe fonci\u00e8re et \u00e0 son imputabilit\u00e9 au preneur.<\/p>\n<h4><strong>II. La Loi Pinel : libert\u00e9, je crains ton nom<\/strong><\/h4>\n<p>La <a href=\"https:\/\/www.legifrance.gouv.fr\/affichTexte.do?cidTexte=JORFTEXT000029101502&amp;categorieLien=id\" target=\"_blank\" rel=\"noopener\">loi Pinel<\/a> a donc cr\u00e9e l&rsquo;<a href=\"https:\/\/www.legifrance.gouv.fr\/affichCodeArticle.do;jsessionid=89A163A1120AB7AF3C5C9B6B2715668C.tpdila12v_1?idArticle=LEGIARTI000029103688&amp;cidTexte=LEGITEXT000005634379&amp;dateTexte=20170716\" target=\"_blank\" rel=\"noopener\">article L.145-40-2<\/a> dans le Code du Commerce, qui dispose notamment :<\/p>\n<blockquote><p><em>\u00ab\u00a0Tout contrat de location comporte un inventaire pr\u00e9cis et limitatif des cat\u00e9gories de charges, imp\u00f4ts, taxes et redevances li\u00e9s \u00e0 ce bail, comportant l&rsquo;indication de leur r\u00e9partition entre le bailleur et le locataire.<\/em><\/p>\n<p>(&#8230;)<\/p>\n<p><em>Un d\u00e9cret en Conseil d&rsquo;Etat fixe les modalit\u00e9s d&rsquo;application du pr\u00e9sent article. Il pr\u00e9cise les charges, les imp\u00f4ts, taxes et redevances qui, en raison de leur nature, ne peuvent \u00eatre imput\u00e9s au locataire et les modalit\u00e9s d&rsquo;information des preneurs.\u00a0\u00bb<\/em><\/p><\/blockquote>\n<p>Figurant au titre des dispositions d&rsquo;ordre public vis\u00e9es \u00e0 l&rsquo;<a href=\"https:\/\/www.legifrance.gouv.fr\/affichCodeArticle.do?cidTexte=LEGITEXT000005634379&amp;idArticle=LEGIARTI000006221791\" target=\"_blank\" rel=\"noopener\">article L.145-15 du Code de Commerce<\/a>, cette nouvelle \u00ab\u00a0donne\u00a0\u00bb a pu inqui\u00e9ter, tant du c\u00f4t\u00e9 des bailleurs, qui \u00e9taient en train de n\u00e9gocier une entr\u00e9e dans les lieux ou un renouvellement, que du c\u00f4t\u00e9 des preneurs, qui sentaient bien que l&rsquo;imputation de ces nouvelles charges aux bailleurs allait \u00eatre compens\u00e9e par une augmentation du loyer corr\u00e9lative.<\/p>\n<p>De nombreux commentateurs, avis\u00e9s de ce que pourrait \u00eatre le projet de d\u00e9cret, ont rapidement claironn\u00e9 que la taxe fonci\u00e8re serait ins\u00e9r\u00e9e dans cette liste et donc que son imputabilit\u00e9 aux preneurs, par le biais d&rsquo;une disposition contractuelle, serait interdite.<\/p>\n<p>Tel n&rsquo;a pas \u00e9t\u00e9 le cas.<\/p>\n<h4><strong>III. Le d\u00e9cret d&rsquo;application : libert\u00e9, j&rsquo;\u00e9cris ton nom<\/strong><\/h4>\n<p>Finalement, le d\u00e9cret d&rsquo;application, parmi diverses dispositions, a ins\u00e9r\u00e9 un <a href=\"https:\/\/www.legifrance.gouv.fr\/affichCodeArticle.do?idArticle=LEGIARTI000029704677&amp;cidTexte=LEGITEXT000005634379\" target=\"_blank\" rel=\"noopener\">article R.145-35 <\/a>dans le Code de Commerce, dont le 3\u00b0 pr\u00e9voit :<\/p>\n<blockquote><p><em>\u00ab\u00a0Ne peuvent \u00eatre imput\u00e9s au locataire : <\/em><br \/>\n<em> (&#8230;)<\/em><br \/>\n<em> 3\u00b0 Les imp\u00f4ts, notamment la contribution \u00e9conomique territoriale, taxes et redevances dont le redevable l\u00e9gal est le bailleur ou le propri\u00e9taire du local ou de l&rsquo;immeuble ; toutefois, peuvent \u00eatre imput\u00e9s au locataire la taxe fonci\u00e8re et les taxes additionnelles \u00e0 la taxe fonci\u00e8re ainsi que les imp\u00f4ts, taxes et redevances li\u00e9s \u00e0 l&rsquo;usage du local ou de l&rsquo;immeuble ou \u00e0 un service dont le locataire b\u00e9n\u00e9ficie directement ou indirectement (&#8230;)\u00a0\u00bb<\/em><\/p><\/blockquote>\n<p>Il est \u00e0 noter qu&rsquo;auparavant, aucun texte n&rsquo;\u00e9voquait le sujet de la taxe fonci\u00e8re dans le r\u00e9gime des baux commerciaux et que c&rsquo;est donc une \u00ab\u00a0nouvelle\u00a0\u00bb nouveaut\u00e9 que nous offre le d\u00e9cret.<\/p>\n<p>Il r\u00e9sulte de cette r\u00e9daction qu&rsquo;au final&#8230; rien ne change !<\/p>\n<p>Tant le principe (la libert\u00e9 contractuelle) que la jurisprudence ant\u00e9rieure (n\u00e9cessit\u00e9 d&rsquo;une mention sp\u00e9ciale visant l&rsquo;imputabilit\u00e9 de la taxe fonci\u00e8re au preneur) vont survivre \u00e0 la loi Pinel et \u00e0 son d\u00e9cret d&rsquo;application.<\/p>\n<p>Cet article \u00e9tant applicable pour les baux conclus ou renouvel\u00e9s post\u00e9rieurement au 5 novembre 2014, les r\u00e9dacteurs d&rsquo;acte seront donc avis\u00e9s de r\u00e9server un sort explicite \u00e0 la taxe fonci\u00e8re.<\/p>\n<p>&nbsp;<\/p>\n<p><span style=\"text-decoration: underline;\"><strong><em>Vos commentaires sont lus : il y est r\u00e9pondu par courriel, de mani\u00e8re confidentielle et personnelle, \u00e0 l\u2019adresse mail que vous renseignez.<\/em><\/strong><\/span><\/p>\n","protected":false},"excerpt":{"rendered":"<p>Comme chacun sait d\u00e9sormais, la loi n\u00b0 2014-626 du 18 juin 2014 (dite loi \u00ab\u00a0Pinel\u00a0\u00bb) a introduit quelques nouveaut\u00e9s dans le r\u00e9gime des baux commerciaux, d&rsquo;application imm\u00e9diate pour certaines et diff\u00e9r\u00e9es pour d&rsquo;autres, notamment dans l&rsquo;attente d&rsquo;un d\u00e9cret d&rsquo;application. La question qui br\u00fbla rapidement les l\u00e8vres des sp\u00e9cialistes et qui donna quelques sueurs froides aux bailleurs, fut de savoir si la liste des charges, imp\u00f4ts, taxes et redevances \u00ab\u00a0qui, en raison de leur nature, ne peuvent \u00eatre imput\u00e9s au locataire\u00a0\u00bb, pr\u00e9vue par le nouvel article L.145-40-2 du Code de Commerce, et que le d\u00e9cret d&rsquo;application devait dresser, allait interdire aux &hellip; <a href=\"https:\/\/www.neuman-avocat.fr\/publications\/baux-commerciaux-qui-doit-payer-la-taxe-fonciere\/\" class=\"more-link\">Continuer la lecture de <span class=\"screen-reader-text\">Baux commerciaux : qui doit payer la taxe fonci\u00e8re ?<\/span> <span class=\"meta-nav\">&rarr;<\/span><\/a><\/p>\n","protected":false},"author":2,"featured_media":0,"comment_status":"open","ping_status":"open","sticky":false,"template":"","format":"standard","meta":{"footnotes":""},"categories":[17],"tags":[],"class_list":["post-116","post","type-post","status-publish","format-standard","hentry","category-publications"],"yoast_head":"<!-- This site is optimized with the Yoast SEO plugin v27.4 - https:\/\/yoast.com\/product\/yoast-seo-wordpress\/ -->\n<title>Baux commerciaux : qui doit payer la taxe fonci\u00e8re ? - Publications Neuman Avocat<\/title>\n<meta name=\"description\" content=\"Qui doit payer la taxe fonci\u00e8re, dans un bail commercial ? La r\u00e9ponse se trouve... dans le bail ! Voici un petit historique sur le sujet...\" \/>\n<meta name=\"robots\" content=\"index, follow, max-snippet:-1, max-image-preview:large, max-video-preview:-1\" \/>\n<link rel=\"canonical\" href=\"https:\/\/www.neuman-avocat.fr\/publications\/baux-commerciaux-qui-doit-payer-la-taxe-fonciere\/\" \/>\n<meta property=\"og:locale\" content=\"fr_FR\" \/>\n<meta property=\"og:type\" content=\"article\" \/>\n<meta property=\"og:title\" content=\"Baux commerciaux : qui doit payer la taxe fonci\u00e8re ? - Publications Neuman Avocat\" \/>\n<meta property=\"og:description\" content=\"Qui doit payer la taxe fonci\u00e8re, dans un bail commercial ? La r\u00e9ponse se trouve... dans le bail ! Voici un petit historique sur le sujet...\" \/>\n<meta property=\"og:url\" content=\"https:\/\/www.neuman-avocat.fr\/publications\/baux-commerciaux-qui-doit-payer-la-taxe-fonciere\/\" \/>\n<meta property=\"og:site_name\" content=\"Publications Neuman Avocat\" \/>\n<meta property=\"article:published_time\" content=\"2014-11-11T22:32:52+00:00\" \/>\n<meta property=\"article:modified_time\" content=\"2018-03-24T12:16:14+00:00\" \/>\n<meta name=\"author\" content=\"mneuman\" \/>\n<meta name=\"twitter:card\" content=\"summary_large_image\" \/>\n<meta name=\"twitter:label1\" content=\"\u00c9crit par\" \/>\n\t<meta name=\"twitter:data1\" content=\"mneuman\" \/>\n\t<meta name=\"twitter:label2\" content=\"Dur\u00e9e de lecture estim\u00e9e\" \/>\n\t<meta name=\"twitter:data2\" content=\"6 minutes\" \/>\n<script type=\"application\/ld+json\" class=\"yoast-schema-graph\">{\"@context\":\"https:\\\/\\\/schema.org\",\"@graph\":[{\"@type\":\"Article\",\"@id\":\"https:\\\/\\\/www.neuman-avocat.fr\\\/publications\\\/baux-commerciaux-qui-doit-payer-la-taxe-fonciere\\\/#article\",\"isPartOf\":{\"@id\":\"https:\\\/\\\/www.neuman-avocat.fr\\\/publications\\\/baux-commerciaux-qui-doit-payer-la-taxe-fonciere\\\/\"},\"author\":{\"name\":\"mneuman\",\"@id\":\"https:\\\/\\\/www.neuman-avocat.fr\\\/publications\\\/#\\\/schema\\\/person\\\/ddcc6d3a53112a8d9182f724eee641b1\"},\"headline\":\"Baux commerciaux : qui doit payer la taxe fonci\u00e8re ?\",\"datePublished\":\"2014-11-11T22:32:52+00:00\",\"dateModified\":\"2018-03-24T12:16:14+00:00\",\"mainEntityOfPage\":{\"@id\":\"https:\\\/\\\/www.neuman-avocat.fr\\\/publications\\\/baux-commerciaux-qui-doit-payer-la-taxe-fonciere\\\/\"},\"wordCount\":1280,\"commentCount\":44,\"articleSection\":[\"Publications\"],\"inLanguage\":\"fr-FR\",\"potentialAction\":[{\"@type\":\"CommentAction\",\"name\":\"Comment\",\"target\":[\"https:\\\/\\\/www.neuman-avocat.fr\\\/publications\\\/baux-commerciaux-qui-doit-payer-la-taxe-fonciere\\\/#respond\"]}]},{\"@type\":\"WebPage\",\"@id\":\"https:\\\/\\\/www.neuman-avocat.fr\\\/publications\\\/baux-commerciaux-qui-doit-payer-la-taxe-fonciere\\\/\",\"url\":\"https:\\\/\\\/www.neuman-avocat.fr\\\/publications\\\/baux-commerciaux-qui-doit-payer-la-taxe-fonciere\\\/\",\"name\":\"Baux commerciaux : qui doit payer la taxe fonci\u00e8re ? - Publications Neuman Avocat\",\"isPartOf\":{\"@id\":\"https:\\\/\\\/www.neuman-avocat.fr\\\/publications\\\/#website\"},\"datePublished\":\"2014-11-11T22:32:52+00:00\",\"dateModified\":\"2018-03-24T12:16:14+00:00\",\"author\":{\"@id\":\"https:\\\/\\\/www.neuman-avocat.fr\\\/publications\\\/#\\\/schema\\\/person\\\/ddcc6d3a53112a8d9182f724eee641b1\"},\"description\":\"Qui doit payer la taxe fonci\u00e8re, dans un bail commercial ? La r\u00e9ponse se trouve... dans le bail ! Voici un petit historique sur le sujet...\",\"breadcrumb\":{\"@id\":\"https:\\\/\\\/www.neuman-avocat.fr\\\/publications\\\/baux-commerciaux-qui-doit-payer-la-taxe-fonciere\\\/#breadcrumb\"},\"inLanguage\":\"fr-FR\",\"potentialAction\":[{\"@type\":\"ReadAction\",\"target\":[\"https:\\\/\\\/www.neuman-avocat.fr\\\/publications\\\/baux-commerciaux-qui-doit-payer-la-taxe-fonciere\\\/\"]}]},{\"@type\":\"BreadcrumbList\",\"@id\":\"https:\\\/\\\/www.neuman-avocat.fr\\\/publications\\\/baux-commerciaux-qui-doit-payer-la-taxe-fonciere\\\/#breadcrumb\",\"itemListElement\":[{\"@type\":\"ListItem\",\"position\":1,\"name\":\"Accueil\",\"item\":\"https:\\\/\\\/www.neuman-avocat.fr\\\/publications\\\/\"},{\"@type\":\"ListItem\",\"position\":2,\"name\":\"Baux commerciaux : qui doit payer la taxe fonci\u00e8re ?\"}]},{\"@type\":\"WebSite\",\"@id\":\"https:\\\/\\\/www.neuman-avocat.fr\\\/publications\\\/#website\",\"url\":\"https:\\\/\\\/www.neuman-avocat.fr\\\/publications\\\/\",\"name\":\"Publications Neuman Avocat\",\"description\":\"\",\"potentialAction\":[{\"@type\":\"SearchAction\",\"target\":{\"@type\":\"EntryPoint\",\"urlTemplate\":\"https:\\\/\\\/www.neuman-avocat.fr\\\/publications\\\/?s={search_term_string}\"},\"query-input\":{\"@type\":\"PropertyValueSpecification\",\"valueRequired\":true,\"valueName\":\"search_term_string\"}}],\"inLanguage\":\"fr-FR\"},{\"@type\":\"Person\",\"@id\":\"https:\\\/\\\/www.neuman-avocat.fr\\\/publications\\\/#\\\/schema\\\/person\\\/ddcc6d3a53112a8d9182f724eee641b1\",\"name\":\"mneuman\",\"url\":\"https:\\\/\\\/www.neuman-avocat.fr\\\/publications\\\/author\\\/mneuman\\\/\"}]}<\/script>\n<!-- \/ Yoast SEO plugin. -->","yoast_head_json":{"title":"Baux commerciaux : qui doit payer la taxe fonci\u00e8re ? - Publications Neuman Avocat","description":"Qui doit payer la taxe fonci\u00e8re, dans un bail commercial ? La r\u00e9ponse se trouve... dans le bail ! Voici un petit historique sur le sujet...","robots":{"index":"index","follow":"follow","max-snippet":"max-snippet:-1","max-image-preview":"max-image-preview:large","max-video-preview":"max-video-preview:-1"},"canonical":"https:\/\/www.neuman-avocat.fr\/publications\/baux-commerciaux-qui-doit-payer-la-taxe-fonciere\/","og_locale":"fr_FR","og_type":"article","og_title":"Baux commerciaux : qui doit payer la taxe fonci\u00e8re ? - Publications Neuman Avocat","og_description":"Qui doit payer la taxe fonci\u00e8re, dans un bail commercial ? La r\u00e9ponse se trouve... dans le bail ! Voici un petit historique sur le sujet...","og_url":"https:\/\/www.neuman-avocat.fr\/publications\/baux-commerciaux-qui-doit-payer-la-taxe-fonciere\/","og_site_name":"Publications Neuman Avocat","article_published_time":"2014-11-11T22:32:52+00:00","article_modified_time":"2018-03-24T12:16:14+00:00","author":"mneuman","twitter_card":"summary_large_image","twitter_misc":{"\u00c9crit par":"mneuman","Dur\u00e9e de lecture estim\u00e9e":"6 minutes"},"schema":{"@context":"https:\/\/schema.org","@graph":[{"@type":"Article","@id":"https:\/\/www.neuman-avocat.fr\/publications\/baux-commerciaux-qui-doit-payer-la-taxe-fonciere\/#article","isPartOf":{"@id":"https:\/\/www.neuman-avocat.fr\/publications\/baux-commerciaux-qui-doit-payer-la-taxe-fonciere\/"},"author":{"name":"mneuman","@id":"https:\/\/www.neuman-avocat.fr\/publications\/#\/schema\/person\/ddcc6d3a53112a8d9182f724eee641b1"},"headline":"Baux commerciaux : qui doit payer la taxe fonci\u00e8re ?","datePublished":"2014-11-11T22:32:52+00:00","dateModified":"2018-03-24T12:16:14+00:00","mainEntityOfPage":{"@id":"https:\/\/www.neuman-avocat.fr\/publications\/baux-commerciaux-qui-doit-payer-la-taxe-fonciere\/"},"wordCount":1280,"commentCount":44,"articleSection":["Publications"],"inLanguage":"fr-FR","potentialAction":[{"@type":"CommentAction","name":"Comment","target":["https:\/\/www.neuman-avocat.fr\/publications\/baux-commerciaux-qui-doit-payer-la-taxe-fonciere\/#respond"]}]},{"@type":"WebPage","@id":"https:\/\/www.neuman-avocat.fr\/publications\/baux-commerciaux-qui-doit-payer-la-taxe-fonciere\/","url":"https:\/\/www.neuman-avocat.fr\/publications\/baux-commerciaux-qui-doit-payer-la-taxe-fonciere\/","name":"Baux commerciaux : qui doit payer la taxe fonci\u00e8re ? - Publications Neuman Avocat","isPartOf":{"@id":"https:\/\/www.neuman-avocat.fr\/publications\/#website"},"datePublished":"2014-11-11T22:32:52+00:00","dateModified":"2018-03-24T12:16:14+00:00","author":{"@id":"https:\/\/www.neuman-avocat.fr\/publications\/#\/schema\/person\/ddcc6d3a53112a8d9182f724eee641b1"},"description":"Qui doit payer la taxe fonci\u00e8re, dans un bail commercial ? La r\u00e9ponse se trouve... dans le bail ! Voici un petit historique sur le sujet...","breadcrumb":{"@id":"https:\/\/www.neuman-avocat.fr\/publications\/baux-commerciaux-qui-doit-payer-la-taxe-fonciere\/#breadcrumb"},"inLanguage":"fr-FR","potentialAction":[{"@type":"ReadAction","target":["https:\/\/www.neuman-avocat.fr\/publications\/baux-commerciaux-qui-doit-payer-la-taxe-fonciere\/"]}]},{"@type":"BreadcrumbList","@id":"https:\/\/www.neuman-avocat.fr\/publications\/baux-commerciaux-qui-doit-payer-la-taxe-fonciere\/#breadcrumb","itemListElement":[{"@type":"ListItem","position":1,"name":"Accueil","item":"https:\/\/www.neuman-avocat.fr\/publications\/"},{"@type":"ListItem","position":2,"name":"Baux commerciaux : qui doit payer la taxe fonci\u00e8re ?"}]},{"@type":"WebSite","@id":"https:\/\/www.neuman-avocat.fr\/publications\/#website","url":"https:\/\/www.neuman-avocat.fr\/publications\/","name":"Publications Neuman Avocat","description":"","potentialAction":[{"@type":"SearchAction","target":{"@type":"EntryPoint","urlTemplate":"https:\/\/www.neuman-avocat.fr\/publications\/?s={search_term_string}"},"query-input":{"@type":"PropertyValueSpecification","valueRequired":true,"valueName":"search_term_string"}}],"inLanguage":"fr-FR"},{"@type":"Person","@id":"https:\/\/www.neuman-avocat.fr\/publications\/#\/schema\/person\/ddcc6d3a53112a8d9182f724eee641b1","name":"mneuman","url":"https:\/\/www.neuman-avocat.fr\/publications\/author\/mneuman\/"}]}},"_links":{"self":[{"href":"https:\/\/www.neuman-avocat.fr\/publications\/wp-json\/wp\/v2\/posts\/116","targetHints":{"allow":["GET"]}}],"collection":[{"href":"https:\/\/www.neuman-avocat.fr\/publications\/wp-json\/wp\/v2\/posts"}],"about":[{"href":"https:\/\/www.neuman-avocat.fr\/publications\/wp-json\/wp\/v2\/types\/post"}],"author":[{"embeddable":true,"href":"https:\/\/www.neuman-avocat.fr\/publications\/wp-json\/wp\/v2\/users\/2"}],"replies":[{"embeddable":true,"href":"https:\/\/www.neuman-avocat.fr\/publications\/wp-json\/wp\/v2\/comments?post=116"}],"version-history":[{"count":0,"href":"https:\/\/www.neuman-avocat.fr\/publications\/wp-json\/wp\/v2\/posts\/116\/revisions"}],"wp:attachment":[{"href":"https:\/\/www.neuman-avocat.fr\/publications\/wp-json\/wp\/v2\/media?parent=116"}],"wp:term":[{"taxonomy":"category","embeddable":true,"href":"https:\/\/www.neuman-avocat.fr\/publications\/wp-json\/wp\/v2\/categories?post=116"},{"taxonomy":"post_tag","embeddable":true,"href":"https:\/\/www.neuman-avocat.fr\/publications\/wp-json\/wp\/v2\/tags?post=116"}],"curies":[{"name":"wp","href":"https:\/\/api.w.org\/{rel}","templated":true}]}}