{"id":333,"date":"2018-03-24T15:02:33","date_gmt":"2018-03-24T14:02:33","guid":{"rendered":"https:\/\/www.neuman-avocat.fr\/publications\/?p=333"},"modified":"2018-03-24T15:08:22","modified_gmt":"2018-03-24T14:08:22","slug":"registre-beneficiaires-effectifs-plus-quelques-jours-etre-conformite","status":"publish","type":"post","link":"https:\/\/www.neuman-avocat.fr\/publications\/registre-beneficiaires-effectifs-plus-quelques-jours-etre-conformite\/","title":{"rendered":"Registre des b\u00e9n\u00e9ficiaires effectifs : plus que quelques jours pour \u00eatre en conformit\u00e9 !"},"content":{"rendered":"<p>A compter du <span style=\"text-decoration: underline;\"><strong>1er avril 2018<\/strong><\/span>, le registre des b\u00e9n\u00e9ficiaires effectifs entre en vigueur.<\/p>\n<p>D&rsquo;abord, qui est concern\u00e9 ? Si vous dirigez ou d\u00e9tenez plus de 25 % d&rsquo;une soci\u00e9t\u00e9 commerciale, d&rsquo;une soci\u00e9t\u00e9 civile (une <strong>SCI<\/strong>, par exemple) ou encore d&rsquo;une association qui r\u00e9alise des activit\u00e9s lucratives, jetez un \u0153il sur le sujet !<\/p>\n<p>Cette nouvelle obligation, r\u00e9gie notamment par les articles <a href=\"https:\/\/www.legifrance.gouv.fr\/affichCode.do;jsessionid=4B460D5B169AF096C4BD3523327777F8.tplgfr28s_2?idSectionTA=LEGISCTA000033669922&amp;cidTexte=LEGITEXT000006072026&amp;dateTexte=20180324\" target=\"_blank\" rel=\"noopener\">L.561-46 \u00e0 L.561-50 du Code Mon\u00e9taire et Financier<\/a>, impose que chaque soci\u00e9t\u00e9 ou association inscrite au registre du commerce et des soci\u00e9t\u00e9s (RCS), d\u00e9pose, au greffe du tribunal concern\u00e9, pour \u00eatre annex\u00e9 au RCS, un document relatif au b\u00e9n\u00e9ficiaire effectif de la soci\u00e9t\u00e9, contenant :<\/p>\n<p>&#8211; les nom, nom d&rsquo;usage, pseudonyme, pr\u00e9noms, date et lieu de naissance, nationalit\u00e9, adresse personnelle de la ou des personnes physiques consid\u00e9r\u00e9es comme b\u00e9n\u00e9ficiaires ;<\/p>\n<p>&#8211; les modalit\u00e9s du contr\u00f4le exerc\u00e9 sur la soci\u00e9t\u00e9 ou l&rsquo;entit\u00e9 juridique concern\u00e9e ;<\/p>\n<p>&#8211; la date \u00e0 laquelle la ou les personnes physiques sont devenues le b\u00e9n\u00e9ficiaire effectif de la soci\u00e9t\u00e9 ou de l&rsquo;entit\u00e9 juridique concern\u00e9e.<\/p>\n<p>Si la notion de \u00ab\u00a0b\u00e9n\u00e9ficiaire effectif\u00a0\u00bb sp\u00e9cifique \u00e0 ce texte n&rsquo;est pas encore d\u00e9termin\u00e9e, il est renvoy\u00e9, dans l&rsquo;attente, \u00e0 la d\u00e9finition vis\u00e9e aux articles <a href=\"https:\/\/www.legifrance.gouv.fr\/affichCodeArticle.do?cidTexte=LEGITEXT000006072026&amp;idArticle=LEGIARTI000020179107&amp;dateTexte=&amp;categorieLien=cid\" target=\"_blank\" rel=\"noopener\">L.561-2-2<\/a> et <a href=\"https:\/\/www.legifrance.gouv.fr\/affichCode.do;jsessionid=4B460D5B169AF096C4BD3523327777F8.tplgfr28s_2?idSectionTA=LEGISCTA000021020563&amp;cidTexte=LEGITEXT000006072026&amp;dateTexte=20090905\" target=\"_blank\" rel=\"noopener\">R.561-1 \u00e0 R561-3 du Code Mon\u00e9taire et Financier<\/a>.<\/p>\n<p>Ainsi, est b\u00e9n\u00e9ficiaire effectif celui qui :<\/p>\n<p>&#8211; en dernier ressort, contr\u00f4le directement ou indirectement l\u2019entit\u00e9 juridique concern\u00e9e, soit parce qu\u2019il d\u00e9tient directement ou indirectement plus de 25% du capital ou des droits de vote, soit parce qu\u2019il exerce, par tout moyen, un pouvoir de contr\u00f4le sur ses organes de gestion ou de direction ou sur ses associ\u00e9s ; ou<\/p>\n<p>&#8211; pour le compte duquel une op\u00e9ration ou une activit\u00e9 est r\u00e9alis\u00e9e par l\u2019entit\u00e9 juridique concern\u00e9e.<\/p>\n<p>Ce registre n&rsquo;est pas public.<\/p>\n<p>Seules certaines cat\u00e9gories de personnes b\u00e9n\u00e9ficient d&rsquo;un droit de communication :<\/p>\n<p>&#8211; Le repr\u00e9sentant l\u00e9gal de l&rsquo;entit\u00e9 ;<\/p>\n<p>&#8211; 18 entit\u00e9s list\u00e9es par l&rsquo;article <a href=\"https:\/\/www.legifrance.gouv.fr\/affichCodeArticle.do?cidTexte=LEGITEXT000006072026&amp;idArticle=LEGIARTI000020191409&amp;dateTexte=&amp;categorieLien=cid\" target=\"_blank\" rel=\"noopener\">L.561-36 du Code Mon\u00e9taire et Financier<\/a> ;<\/p>\n<p>&#8211; Les entit\u00e9s assujetties \u00e0 la lutte contre le blanchiment et le financement du terrorisme ;<\/p>\n<p>&#8211; Toute personne justifiant d&rsquo;un int\u00e9r\u00eat l\u00e9gitime, sur ordonnance rendue par le juge commis \u00e0 la surveillance du registre du commerce.<\/p>\n<p>Vous croyez que ce n&rsquo;est qu&rsquo;une formalit\u00e9 de plus (factur\u00e9e de surcro\u00eet un peu plus de 50 \u20ac par le greffe) ?<\/p>\n<p>Attention aux cons\u00e9quences \u00e9ventuelles du non-respect de cette obligation :<\/p>\n<p>&#8211; condamnation judiciaire \u00e0 y proc\u00e9der par voie d&rsquo;injonction, \u00e9ventuellement sous astreinte ;<\/p>\n<p>&#8211; jusqu&rsquo;\u00e0 6 mois d&#8217;emprisonnement et 7.500 \u20ac pour les personnes physiques concern\u00e9es (notamment les dirigeants) ;<\/p>\n<p>&#8211; jusqu&rsquo;\u00e0 37.500 \u20ac d&rsquo;amende pour les personnes morales concern\u00e9es (la soci\u00e9t\u00e9 elle-m\u00eame) et la possibilit\u00e9 d&rsquo;une dissolution de la soci\u00e9t\u00e9.<\/p>\n<p>Il est donc n\u00e9cessaire de proc\u00e9der \u00e0 la formalit\u00e9, qui doit \u00eatre r\u00e9alis\u00e9e, pour les soci\u00e9t\u00e9s ou associations inscrites au RCS constitu\u00e9es avant le 1er ao\u00fbt 2017, <span style=\"text-decoration: underline;\"><strong>au plus tard le 30 mars 2018<\/strong><\/span>.<\/p>\n<p>D\u00e9p\u00eachez-vous !<\/p>\n","protected":false},"excerpt":{"rendered":"<p>A compter du 1er avril 2018, le registre des b\u00e9n\u00e9ficiaires effectifs entre en vigueur. D&rsquo;abord, qui est concern\u00e9 ? Si vous dirigez ou d\u00e9tenez plus de 25 % d&rsquo;une soci\u00e9t\u00e9 commerciale, d&rsquo;une soci\u00e9t\u00e9 civile (une SCI, par exemple) ou encore d&rsquo;une association qui r\u00e9alise des activit\u00e9s lucratives, jetez un \u0153il sur le sujet ! Cette nouvelle obligation, r\u00e9gie notamment par les articles L.561-46 \u00e0 L.561-50 du Code Mon\u00e9taire et Financier, impose que chaque soci\u00e9t\u00e9 ou association inscrite au registre du commerce et des soci\u00e9t\u00e9s (RCS), d\u00e9pose, au greffe du tribunal concern\u00e9, pour \u00eatre annex\u00e9 au RCS, un document relatif au &hellip; <a href=\"https:\/\/www.neuman-avocat.fr\/publications\/registre-beneficiaires-effectifs-plus-quelques-jours-etre-conformite\/\" class=\"more-link\">Continuer la lecture de <span class=\"screen-reader-text\">Registre des b\u00e9n\u00e9ficiaires effectifs : plus que quelques jours pour \u00eatre en conformit\u00e9 !<\/span> <span class=\"meta-nav\">&rarr;<\/span><\/a><\/p>\n","protected":false},"author":2,"featured_media":0,"comment_status":"open","ping_status":"open","sticky":false,"template":"","format":"standard","meta":{"footnotes":""},"categories":[1],"tags":[170,172,171,174,173,169,177,176,175],"class_list":["post-333","post","type-post","status-publish","format-standard","hentry","category-non-classe","tag-declaration-des-beneficiaires-effectifs","tag-l-561-2-2","tag-l-561-36-du-code-monetaire-et-financier","tag-l-561-46-a-l-561-50-du-code-monetaire-et-financier","tag-r-561-1-a-r561-3-du-code-monetaire-et-financier","tag-registre-des-beneficiaires-effectifs","tag-sci","tag-societe-civile","tag-societe-commerciale"],"yoast_head":"<!-- This site is optimized with the Yoast SEO plugin v27.4 - https:\/\/yoast.com\/product\/yoast-seo-wordpress\/ -->\n<title>Registre des b\u00e9n\u00e9ficiaires effectifs : d\u00e9p\u00eachez-vous !<\/title>\n<meta name=\"description\" content=\"Au 1er avril 2018, la d\u00e9claration des b\u00e9n\u00e9ficiaires effectifs de soci\u00e9t\u00e9s commerciales et civiles (et des associations inscrites au registre du commerce et des soci\u00e9t\u00e9s) devient obligatoire pour toutes les structures existantes. N&#039;oubliez pas de vous mettre en conformit\u00e9 !\" \/>\n<meta name=\"robots\" content=\"index, follow, max-snippet:-1, max-image-preview:large, max-video-preview:-1\" \/>\n<link rel=\"canonical\" href=\"https:\/\/www.neuman-avocat.fr\/publications\/registre-beneficiaires-effectifs-plus-quelques-jours-etre-conformite\/\" \/>\n<meta property=\"og:locale\" content=\"fr_FR\" \/>\n<meta property=\"og:type\" content=\"article\" \/>\n<meta property=\"og:title\" content=\"Registre des b\u00e9n\u00e9ficiaires effectifs : d\u00e9p\u00eachez-vous !\" \/>\n<meta property=\"og:description\" content=\"Au 1er avril 2018, la d\u00e9claration des b\u00e9n\u00e9ficiaires effectifs de soci\u00e9t\u00e9s commerciales et civiles (et des associations inscrites au registre du commerce et des soci\u00e9t\u00e9s) devient obligatoire pour toutes les structures existantes. N&#039;oubliez pas de vous mettre en conformit\u00e9 !\" \/>\n<meta property=\"og:url\" content=\"https:\/\/www.neuman-avocat.fr\/publications\/registre-beneficiaires-effectifs-plus-quelques-jours-etre-conformite\/\" \/>\n<meta property=\"og:site_name\" content=\"Publications Neuman Avocat\" \/>\n<meta property=\"article:published_time\" content=\"2018-03-24T14:02:33+00:00\" \/>\n<meta property=\"article:modified_time\" content=\"2018-03-24T14:08:22+00:00\" \/>\n<meta name=\"author\" content=\"mneuman\" \/>\n<meta name=\"twitter:card\" content=\"summary_large_image\" \/>\n<meta name=\"twitter:label1\" content=\"\u00c9crit par\" \/>\n\t<meta name=\"twitter:data1\" content=\"mneuman\" \/>\n\t<meta name=\"twitter:label2\" content=\"Dur\u00e9e de lecture estim\u00e9e\" \/>\n\t<meta name=\"twitter:data2\" content=\"3 minutes\" \/>\n<script type=\"application\/ld+json\" class=\"yoast-schema-graph\">{\"@context\":\"https:\\\/\\\/schema.org\",\"@graph\":[{\"@type\":\"Article\",\"@id\":\"https:\\\/\\\/www.neuman-avocat.fr\\\/publications\\\/registre-beneficiaires-effectifs-plus-quelques-jours-etre-conformite\\\/#article\",\"isPartOf\":{\"@id\":\"https:\\\/\\\/www.neuman-avocat.fr\\\/publications\\\/registre-beneficiaires-effectifs-plus-quelques-jours-etre-conformite\\\/\"},\"author\":{\"name\":\"mneuman\",\"@id\":\"https:\\\/\\\/www.neuman-avocat.fr\\\/publications\\\/#\\\/schema\\\/person\\\/ddcc6d3a53112a8d9182f724eee641b1\"},\"headline\":\"Registre des b\u00e9n\u00e9ficiaires effectifs : plus que quelques jours pour \u00eatre en conformit\u00e9 !\",\"datePublished\":\"2018-03-24T14:02:33+00:00\",\"dateModified\":\"2018-03-24T14:08:22+00:00\",\"mainEntityOfPage\":{\"@id\":\"https:\\\/\\\/www.neuman-avocat.fr\\\/publications\\\/registre-beneficiaires-effectifs-plus-quelques-jours-etre-conformite\\\/\"},\"wordCount\":556,\"commentCount\":0,\"keywords\":[\"d\u00e9claration des b\u00e9n\u00e9ficiaires effectifs\",\"L.561-2-2\",\"L.561-36 du Code Mon\u00e9taire et Financier\",\"L.561-46 \u00e0 L.561-50 du Code Mon\u00e9taire et Financier\",\"R.561-1 \u00e0 R561-3 du Code Mon\u00e9taire et Financier\",\"registre des b\u00e9n\u00e9ficiaires effectifs\",\"SCI\",\"soci\u00e9t\u00e9 civile\",\"soci\u00e9t\u00e9 commerciale\"],\"inLanguage\":\"fr-FR\",\"potentialAction\":[{\"@type\":\"CommentAction\",\"name\":\"Comment\",\"target\":[\"https:\\\/\\\/www.neuman-avocat.fr\\\/publications\\\/registre-beneficiaires-effectifs-plus-quelques-jours-etre-conformite\\\/#respond\"]}]},{\"@type\":\"WebPage\",\"@id\":\"https:\\\/\\\/www.neuman-avocat.fr\\\/publications\\\/registre-beneficiaires-effectifs-plus-quelques-jours-etre-conformite\\\/\",\"url\":\"https:\\\/\\\/www.neuman-avocat.fr\\\/publications\\\/registre-beneficiaires-effectifs-plus-quelques-jours-etre-conformite\\\/\",\"name\":\"Registre des b\u00e9n\u00e9ficiaires effectifs : d\u00e9p\u00eachez-vous !\",\"isPartOf\":{\"@id\":\"https:\\\/\\\/www.neuman-avocat.fr\\\/publications\\\/#website\"},\"datePublished\":\"2018-03-24T14:02:33+00:00\",\"dateModified\":\"2018-03-24T14:08:22+00:00\",\"author\":{\"@id\":\"https:\\\/\\\/www.neuman-avocat.fr\\\/publications\\\/#\\\/schema\\\/person\\\/ddcc6d3a53112a8d9182f724eee641b1\"},\"description\":\"Au 1er avril 2018, la d\u00e9claration des b\u00e9n\u00e9ficiaires effectifs de soci\u00e9t\u00e9s commerciales et civiles (et des associations inscrites au registre du commerce et des soci\u00e9t\u00e9s) devient obligatoire pour toutes les structures existantes. N'oubliez pas de vous mettre en conformit\u00e9 !\",\"breadcrumb\":{\"@id\":\"https:\\\/\\\/www.neuman-avocat.fr\\\/publications\\\/registre-beneficiaires-effectifs-plus-quelques-jours-etre-conformite\\\/#breadcrumb\"},\"inLanguage\":\"fr-FR\",\"potentialAction\":[{\"@type\":\"ReadAction\",\"target\":[\"https:\\\/\\\/www.neuman-avocat.fr\\\/publications\\\/registre-beneficiaires-effectifs-plus-quelques-jours-etre-conformite\\\/\"]}]},{\"@type\":\"BreadcrumbList\",\"@id\":\"https:\\\/\\\/www.neuman-avocat.fr\\\/publications\\\/registre-beneficiaires-effectifs-plus-quelques-jours-etre-conformite\\\/#breadcrumb\",\"itemListElement\":[{\"@type\":\"ListItem\",\"position\":1,\"name\":\"Accueil\",\"item\":\"https:\\\/\\\/www.neuman-avocat.fr\\\/publications\\\/\"},{\"@type\":\"ListItem\",\"position\":2,\"name\":\"Registre des b\u00e9n\u00e9ficiaires effectifs : plus que quelques jours pour \u00eatre en conformit\u00e9 !\"}]},{\"@type\":\"WebSite\",\"@id\":\"https:\\\/\\\/www.neuman-avocat.fr\\\/publications\\\/#website\",\"url\":\"https:\\\/\\\/www.neuman-avocat.fr\\\/publications\\\/\",\"name\":\"Publications Neuman Avocat\",\"description\":\"\",\"potentialAction\":[{\"@type\":\"SearchAction\",\"target\":{\"@type\":\"EntryPoint\",\"urlTemplate\":\"https:\\\/\\\/www.neuman-avocat.fr\\\/publications\\\/?s={search_term_string}\"},\"query-input\":{\"@type\":\"PropertyValueSpecification\",\"valueRequired\":true,\"valueName\":\"search_term_string\"}}],\"inLanguage\":\"fr-FR\"},{\"@type\":\"Person\",\"@id\":\"https:\\\/\\\/www.neuman-avocat.fr\\\/publications\\\/#\\\/schema\\\/person\\\/ddcc6d3a53112a8d9182f724eee641b1\",\"name\":\"mneuman\",\"url\":\"https:\\\/\\\/www.neuman-avocat.fr\\\/publications\\\/author\\\/mneuman\\\/\"}]}<\/script>\n<!-- \/ Yoast SEO plugin. -->","yoast_head_json":{"title":"Registre des b\u00e9n\u00e9ficiaires effectifs : d\u00e9p\u00eachez-vous !","description":"Au 1er avril 2018, la d\u00e9claration des b\u00e9n\u00e9ficiaires effectifs de soci\u00e9t\u00e9s commerciales et civiles (et des associations inscrites au registre du commerce et des soci\u00e9t\u00e9s) devient obligatoire pour toutes les structures existantes. N'oubliez pas de vous mettre en conformit\u00e9 !","robots":{"index":"index","follow":"follow","max-snippet":"max-snippet:-1","max-image-preview":"max-image-preview:large","max-video-preview":"max-video-preview:-1"},"canonical":"https:\/\/www.neuman-avocat.fr\/publications\/registre-beneficiaires-effectifs-plus-quelques-jours-etre-conformite\/","og_locale":"fr_FR","og_type":"article","og_title":"Registre des b\u00e9n\u00e9ficiaires effectifs : d\u00e9p\u00eachez-vous !","og_description":"Au 1er avril 2018, la d\u00e9claration des b\u00e9n\u00e9ficiaires effectifs de soci\u00e9t\u00e9s commerciales et civiles (et des associations inscrites au registre du commerce et des soci\u00e9t\u00e9s) devient obligatoire pour toutes les structures existantes. N'oubliez pas de vous mettre en conformit\u00e9 !","og_url":"https:\/\/www.neuman-avocat.fr\/publications\/registre-beneficiaires-effectifs-plus-quelques-jours-etre-conformite\/","og_site_name":"Publications Neuman Avocat","article_published_time":"2018-03-24T14:02:33+00:00","article_modified_time":"2018-03-24T14:08:22+00:00","author":"mneuman","twitter_card":"summary_large_image","twitter_misc":{"\u00c9crit par":"mneuman","Dur\u00e9e de lecture estim\u00e9e":"3 minutes"},"schema":{"@context":"https:\/\/schema.org","@graph":[{"@type":"Article","@id":"https:\/\/www.neuman-avocat.fr\/publications\/registre-beneficiaires-effectifs-plus-quelques-jours-etre-conformite\/#article","isPartOf":{"@id":"https:\/\/www.neuman-avocat.fr\/publications\/registre-beneficiaires-effectifs-plus-quelques-jours-etre-conformite\/"},"author":{"name":"mneuman","@id":"https:\/\/www.neuman-avocat.fr\/publications\/#\/schema\/person\/ddcc6d3a53112a8d9182f724eee641b1"},"headline":"Registre des b\u00e9n\u00e9ficiaires effectifs : plus que quelques jours pour \u00eatre en conformit\u00e9 !","datePublished":"2018-03-24T14:02:33+00:00","dateModified":"2018-03-24T14:08:22+00:00","mainEntityOfPage":{"@id":"https:\/\/www.neuman-avocat.fr\/publications\/registre-beneficiaires-effectifs-plus-quelques-jours-etre-conformite\/"},"wordCount":556,"commentCount":0,"keywords":["d\u00e9claration des b\u00e9n\u00e9ficiaires effectifs","L.561-2-2","L.561-36 du Code Mon\u00e9taire et Financier","L.561-46 \u00e0 L.561-50 du Code Mon\u00e9taire et Financier","R.561-1 \u00e0 R561-3 du Code Mon\u00e9taire et Financier","registre des b\u00e9n\u00e9ficiaires effectifs","SCI","soci\u00e9t\u00e9 civile","soci\u00e9t\u00e9 commerciale"],"inLanguage":"fr-FR","potentialAction":[{"@type":"CommentAction","name":"Comment","target":["https:\/\/www.neuman-avocat.fr\/publications\/registre-beneficiaires-effectifs-plus-quelques-jours-etre-conformite\/#respond"]}]},{"@type":"WebPage","@id":"https:\/\/www.neuman-avocat.fr\/publications\/registre-beneficiaires-effectifs-plus-quelques-jours-etre-conformite\/","url":"https:\/\/www.neuman-avocat.fr\/publications\/registre-beneficiaires-effectifs-plus-quelques-jours-etre-conformite\/","name":"Registre des b\u00e9n\u00e9ficiaires effectifs : d\u00e9p\u00eachez-vous !","isPartOf":{"@id":"https:\/\/www.neuman-avocat.fr\/publications\/#website"},"datePublished":"2018-03-24T14:02:33+00:00","dateModified":"2018-03-24T14:08:22+00:00","author":{"@id":"https:\/\/www.neuman-avocat.fr\/publications\/#\/schema\/person\/ddcc6d3a53112a8d9182f724eee641b1"},"description":"Au 1er avril 2018, la d\u00e9claration des b\u00e9n\u00e9ficiaires effectifs de soci\u00e9t\u00e9s commerciales et civiles (et des associations inscrites au registre du commerce et des soci\u00e9t\u00e9s) devient obligatoire pour toutes les structures existantes. N'oubliez pas de vous mettre en conformit\u00e9 !","breadcrumb":{"@id":"https:\/\/www.neuman-avocat.fr\/publications\/registre-beneficiaires-effectifs-plus-quelques-jours-etre-conformite\/#breadcrumb"},"inLanguage":"fr-FR","potentialAction":[{"@type":"ReadAction","target":["https:\/\/www.neuman-avocat.fr\/publications\/registre-beneficiaires-effectifs-plus-quelques-jours-etre-conformite\/"]}]},{"@type":"BreadcrumbList","@id":"https:\/\/www.neuman-avocat.fr\/publications\/registre-beneficiaires-effectifs-plus-quelques-jours-etre-conformite\/#breadcrumb","itemListElement":[{"@type":"ListItem","position":1,"name":"Accueil","item":"https:\/\/www.neuman-avocat.fr\/publications\/"},{"@type":"ListItem","position":2,"name":"Registre des b\u00e9n\u00e9ficiaires effectifs : plus que quelques jours pour \u00eatre en conformit\u00e9 !"}]},{"@type":"WebSite","@id":"https:\/\/www.neuman-avocat.fr\/publications\/#website","url":"https:\/\/www.neuman-avocat.fr\/publications\/","name":"Publications Neuman Avocat","description":"","potentialAction":[{"@type":"SearchAction","target":{"@type":"EntryPoint","urlTemplate":"https:\/\/www.neuman-avocat.fr\/publications\/?s={search_term_string}"},"query-input":{"@type":"PropertyValueSpecification","valueRequired":true,"valueName":"search_term_string"}}],"inLanguage":"fr-FR"},{"@type":"Person","@id":"https:\/\/www.neuman-avocat.fr\/publications\/#\/schema\/person\/ddcc6d3a53112a8d9182f724eee641b1","name":"mneuman","url":"https:\/\/www.neuman-avocat.fr\/publications\/author\/mneuman\/"}]}},"_links":{"self":[{"href":"https:\/\/www.neuman-avocat.fr\/publications\/wp-json\/wp\/v2\/posts\/333","targetHints":{"allow":["GET"]}}],"collection":[{"href":"https:\/\/www.neuman-avocat.fr\/publications\/wp-json\/wp\/v2\/posts"}],"about":[{"href":"https:\/\/www.neuman-avocat.fr\/publications\/wp-json\/wp\/v2\/types\/post"}],"author":[{"embeddable":true,"href":"https:\/\/www.neuman-avocat.fr\/publications\/wp-json\/wp\/v2\/users\/2"}],"replies":[{"embeddable":true,"href":"https:\/\/www.neuman-avocat.fr\/publications\/wp-json\/wp\/v2\/comments?post=333"}],"version-history":[{"count":0,"href":"https:\/\/www.neuman-avocat.fr\/publications\/wp-json\/wp\/v2\/posts\/333\/revisions"}],"wp:attachment":[{"href":"https:\/\/www.neuman-avocat.fr\/publications\/wp-json\/wp\/v2\/media?parent=333"}],"wp:term":[{"taxonomy":"category","embeddable":true,"href":"https:\/\/www.neuman-avocat.fr\/publications\/wp-json\/wp\/v2\/categories?post=333"},{"taxonomy":"post_tag","embeddable":true,"href":"https:\/\/www.neuman-avocat.fr\/publications\/wp-json\/wp\/v2\/tags?post=333"}],"curies":[{"name":"wp","href":"https:\/\/api.w.org\/{rel}","templated":true}]}}