{"id":84,"date":"2014-02-21T17:01:32","date_gmt":"2014-02-21T16:01:32","guid":{"rendered":"http:\/\/www.neuman-avocat.fr\/publications\/?p=84"},"modified":"2018-03-24T12:53:43","modified_gmt":"2018-03-24T11:53:43","slug":"ceder-son-fonds-de-commerce-pour-mieux-y-rester-attache-ou-la-clause-de-garantie-des-loyers-dans-la-cession-de-fonds","status":"publish","type":"post","link":"https:\/\/www.neuman-avocat.fr\/publications\/ceder-son-fonds-de-commerce-pour-mieux-y-rester-attache-ou-la-clause-de-garantie-des-loyers-dans-la-cession-de-fonds\/","title":{"rendered":"C\u00e9der son fonds de commerce pour mieux y rester attach\u00e9 ou la clause de garantie des loyers dans la cession de fonds"},"content":{"rendered":"<p><strong><em>(Actualisation au 15 juillet 2014 : la loi Pinel a ajout\u00e9 dans le Code de commerce des dispositions encadrant la clause de garantie des loyers, limitant notamment son efficacit\u00e9 aux trois ann\u00e9es suivant la cession du fonds)<\/em><\/strong><\/p>\n<p>La cession d&rsquo;un fonds de commerce co\u00efncide souvent, pour le vendeur, avec la fin d&rsquo;une activit\u00e9. C&rsquo;est un moment o\u00f9 pr\u00e9valent la valorisation du travail fourni et le bilan d&rsquo;une exploitation, depuis laquelle on souhaite, pour diff\u00e9rentes raisons, larguer les amarres et naviguer vers d&rsquo;autres eaux&#8230;<\/p>\n<p>Toutefois, le pass\u00e9 que l&rsquo;on croyait avoir mis \u00e0 la porte peut revenir par la fen\u00eatre, par le biais de clauses contractuelles auxquelles on ne pensait plus.<\/p>\n<p>Tel est le cas, fr\u00e9quent, de la mise en \u0153uvre, par le bailleur, de la clause figurant dans le bail commercial, contract\u00e9 \u00e0 l&rsquo;origine par le vendeur, pr\u00e9voyant qu&rsquo;il sera garant solidaire du cessionnaire de son fonds, voire des propres cessionnaires de ce cessionnaire, tant en ce qui concerne le paiement des loyers et charges que l&rsquo;ex\u00e9cution des clauses et conditions du bail.<\/p>\n<p>Le bailleur va donc demander au vendeur du fonds de payer, en lieu et place du locataire en place, les loyers que celui-ci n&rsquo;aurait pas acquitt\u00e9s.<\/p>\n<p>Les formulations de cette clause sont tr\u00e8s variables mais on retrouve r\u00e9guli\u00e8rement dans les baux commerciaux, la r\u00e9daction suivante :<\/p>\n<blockquote><p><strong><em>En cas de cession de son fonds de commerce, le preneur demeurera garant solidaire du cessionnaire et de tous cessionnaires successifs tant pour le paiement des loyers que pour l&rsquo;enti\u00e8re ex\u00e9cution des charges, clauses et conditions du pr\u00e9sent bail.<\/em>\u00a0<\/strong><\/p><\/blockquote>\n<p>Quelle que soit sa port\u00e9e, une telle garantie implique, pour le vendeur du fonds de commerce, un effort financier dont il pensait \u00eatre d\u00e9finitivement exon\u00e9r\u00e9 au jour de la cession de son activit\u00e9.<\/p>\n<h4><strong>I. Analyse juridique de la clause de garantie des loyers par le c\u00e9dant du fonds de commerce <\/strong><\/h4>\n<p>Dans un premier temps, une telle clause \u00e9tait consid\u00e9r\u00e9e comme redondante par les tribunaux, lesquels estimaient que la cession d&rsquo;un droit au bail &#8211; dans le cadre ou ind\u00e9pendamment d&rsquo;une cession de fonds de commerce &#8211; ne d\u00e9gageait pas le c\u00e9dant de ses obligations envers le bailleur <a href=\"http:\/\/legifrance.gouv.fr\/affichJuriJudi.do?idTexte=JURITEXT000006985716&amp;fastReqId=628641095&amp;fastPos=4&amp;oldAction=rechJuriJudi\" target=\"_blank\" rel=\"\\&quot;noindex,nofollow\\&quot; noopener\">(Cass. 3e civ., 19 mai 1971<\/a>).<\/p>\n<p>Ce n&rsquo;est qu&rsquo;\u00e0 la fin des ann\u00e9es 1980 qu&rsquo;un changement s&rsquo;est op\u00e9r\u00e9, la Cour de Cassation consacrant la lib\u00e9ration du c\u00e9dant de tout engagement au titre du bail commercial c\u00e9d\u00e9, \u00e0 d\u00e9faut de stipulation contraire (<a href=\"https:\/\/www.legifrance.gouv.fr\/affichJuriJudi.do?idTexte=JURITEXT000007021071\" target=\"_blank\" rel=\"\\&quot;noindex,nofollow\\&quot; noopener\">Cass. 3e civ., 12 juill. 1988<\/a>).<\/p>\n<p>La jurisprudence valide les clauses de garantie solidaire du c\u00e9dant du fonds de commerce, puisqu&rsquo;elles ne sont pas contraires \u00e0 l&rsquo;article <a href=\"https:\/\/www.legifrance.gouv.fr\/affichCodeArticle.do;jsessionid=546004B8A09E27EAEA4845299298F232.tplgfr29s_2?idArticle=LEGIARTI000029108741&amp;cidTexte=LEGITEXT000005634379&amp;dateTexte=20180324&amp;categorieLien=id&amp;oldAction=&amp;nbResultRech=\" target=\"_blank\" rel=\"\\&quot;noindex,nofollow\\&quot; noopener\">L.145-16 du Code de commerce<\/a> (<a href=\"https:\/\/www.legifrance.gouv.fr\/affichJuriJudi.do?idTexte=JURITEXT000006977572\" target=\"_blank\" rel=\"noopener\">Cass. 3e civ., 17 juill. 1968<\/a>), qui sanctionne les clauses d&rsquo;un bail interdisant la cession du fonds.<\/p>\n<p>Cette garantie solidaire est analys\u00e9e comme un engagement de <strong>cod\u00e9biteur solidaire<\/strong> et non d&rsquo;une <strong>caution <\/strong>(<a href=\"https:\/\/www.legifrance.gouv.fr\/affichJuriJudi.do?oldAction=rechJuriJudi&amp;idTexte=JURITEXT000007359109&amp;fastReqId=830001605&amp;fastPos=1\" target=\"_blank\" rel=\"\\&quot;noindex,nofollow\\&quot; noopener\">Cass. 3e civ., 26 nov. 1997<\/a>), ce qui emporte plusieurs cons\u00e9quences pratiques :<\/p>\n<ul style=\"list-style-type: disc;\">\n<li>le c\u00e9dant ne peut se pr\u00e9valoir des dispositions de l&rsquo;article <a href=\"https:\/\/www.legifrance.gouv.fr\/affichCodeArticle.do;jsessionid=546004B8A09E27EAEA4845299298F232.tplgfr29s_2?idArticle=LEGIARTI000006448352&amp;cidTexte=LEGITEXT000006070721&amp;dateTexte=20180324\" target=\"_blank\" rel=\"\\&quot;noindex,nofollow\\&quot; noopener\">2314 du Code civil<\/a>, lesquelles permettent \u00e0 la caution de se d\u00e9charger de son engagement en cas d&rsquo;incurie du cr\u00e9ancier dans la conservation d&rsquo;autres garanties dont la caution aurait pu b\u00e9n\u00e9ficier par subrogation.<\/li>\n<\/ul>\n<p>&nbsp;<\/p>\n<ul style=\"list-style-type: disc;\">\n<li>les <a href=\"https:\/\/www.neuman-avocat.fr\/publications\/linformation-annuelle-des-cautions-les-textes\/\" target=\"_blank\" rel=\"\\&quot;noindex,nofollow\\&quot; noopener\">obligations d&rsquo;information pesant sur les cr\u00e9anciers \u00e0 l&rsquo;\u00e9gard des cautions personnes physiques<\/a> ne s&rsquo;appliquent pas au c\u00e9dant du fonds de commerce, qui ne sera donc pas averti des vicissitudes de l&rsquo;exploitation de l&rsquo;activit\u00e9 c\u00e9d\u00e9e et donc, potentiellement, de l&rsquo;\u00e9tendue effective de sa garantie.<\/li>\n<\/ul>\n<p>&nbsp;<\/p>\n<ul style=\"list-style-type: disc;\">\n<li>en cas de cession \u00e0 plusieurs personnes, l&rsquo;absence de d\u00e9claration de cr\u00e9ance, effectu\u00e9e par le bailleur, au passif de la liquidation judiciaire de l&rsquo;un des cessionnaires, est sans incidence sur l&rsquo;obligation contract\u00e9e par le c\u00e9dant du fonds de commerce, au titre de la garantie des loyers. En effet, en application de l&rsquo;article <a href=\"https:\/\/www.legifrance.gouv.fr\/affichCodeArticle.do;jsessionid=546004B8A09E27EAEA4845299298F232.tplgfr29s_2?idArticle=LEGIARTI000032041961&amp;cidTexte=LEGITEXT000006070721&amp;dateTexte=20180324&amp;categorieLien=id&amp;oldAction=\" target=\"_blank\" rel=\"\\&quot;noindex,nofollow\\&quot; noopener\">1315 du Code civil<\/a>, le cod\u00e9biteur solidaire ne peut opposer au cr\u00e9ancier les exceptions purement personnelles \u00e0 l&rsquo;un des autre cod\u00e9biteurs (CA Rouen, 1er juill. 2010).<\/li>\n<\/ul>\n<h4><strong>II. Port\u00e9e de la garantie contractuelle du c\u00e9dant du fonds de commerce <\/strong><\/h4>\n<p>La formulation de la clause de garantie solidaire du c\u00e9dant est importante, car les juridictions, et en particulier, la Cour de cassation, en donnent une interpr\u00e9tation stricte.<\/p>\n<p>Il a ainsi \u00e9t\u00e9 jug\u00e9 que le c\u00e9dant, garant du paiement des seuls <strong>loyers<\/strong>, ne peut se voir r\u00e9clamer le paiement des <strong>r\u00e9parations locatives<\/strong> et des <strong>indemnit\u00e9s d&rsquo;occupation<\/strong> dues par le cessionnaire suite \u00e0 la r\u00e9siliation du bail (<a href=\"https:\/\/www.legifrance.gouv.fr\/affichJuriJudi.do?idTexte=JURITEXT000007033957\" target=\"_blank\" rel=\"\\&quot;noindex,nofollow\\&quot; noopener\">Cass. 3e civ., 12 avr. 1995<\/a>).<\/p>\n<p>De m\u00eame, la r\u00e9daction selon laquelle \u00ab\u00a0<em>le c\u00e9dant (&#8230;) restera garant solidaire avec son successeur dans le fonds<\/em>\u00a0\u00bb de l&rsquo;ex\u00e9cution des conditions du bail impliquerait que : <strong><em>(a)<\/em> <\/strong> le c\u00e9dant soit garant de son cessionnaire, mais pas des cessionnaires ult\u00e9rieurs du fonds et <strong><em>(b)<\/em> <\/strong> le cessionnaire n&rsquo;est pas garant des dettes contract\u00e9es par le c\u00e9dant, ant\u00e9rieurement \u00e0 la cession.<\/p>\n<p>Enfin, le vendeur du fonds n&rsquo;est pas compl\u00e8tement d\u00e9sarm\u00e9 face \u00e0 un appel tardif en garantie : notamment, il peut se pr\u00e9valoir d&rsquo;une n\u00e9gligence du bailleur dans le recouvrement de sa cr\u00e9ance, qui aurait entra\u00een\u00e9 une augmentation anormale de la dette (CA Paris, 25 avr. 2001 ; CA Paris, 2 mars 2005).<\/p>\n<h4><strong>III. Dur\u00e9e de la garantie contractuelle octroy\u00e9e par le c\u00e9dant du fonds de commerce <\/strong><\/h4>\n<p>Mais combien de temps peut durer cette garantie ? La lecture d&rsquo;une telle clause pourrait l\u00e9gitimement angoisser un locataire ou un acheteur de fonds de commerce qui s&rsquo;estimerait pris au c\u0153ur d&rsquo;un tourbillon perp\u00e9tuel et incontr\u00f4lable de dettes locatives.<\/p>\n<p>Toutefois, le droit fran\u00e7ais n&rsquo;est pas amateur des droits perp\u00e9tuels et la Cour de Cassation a rapidement d\u00e9cid\u00e9 que les effets d&rsquo;une clause de garantie du c\u00e9dant envers le bailleur \u00e9taient limit\u00e9s \u00e0 la dur\u00e9e du bail en cours, sauf clause contraire (<a href=\"https:\/\/www.legifrance.gouv.fr\/affichJuriJudi.do?oldAction=rechJuriJudi&amp;idTexte=JURITEXT000007417763&amp;fastReqId=17103941&amp;fastPos=1\" target=\"_blank\" rel=\"\\&quot;noindex,nofollow\\&quot; noopener\">Cass. 3e civ., 7 mars 2001<\/a>).<\/p>\n<p>La dur\u00e9e du bail s&rsquo;entend comme les 9 ans d&rsquo;un bail commercial. Toutefois, encore faut-il qu&rsquo;il soit mis un terme au contrat de bail en tant que tel, par le biais d&rsquo;un cong\u00e9, d&rsquo;un renouvellement (<a href=\"https:\/\/www.legifrance.gouv.fr\/affichJuriJudi.do?idTexte=JURITEXT000007041288\" target=\"_blank\" rel=\"\\&quot;noindex,nofollow\\&quot; noopener\">Cass. 3e civ., 4 mars 1998<\/a>), lequel entra\u00eene un nouveau bail, ou d&rsquo;une r\u00e9siliation.<\/p>\n<p>De mani\u00e8re plut\u00f4t surprenante, il n&rsquo;en est pas de m\u00eame en cas de reconduction tacite du bail, dans les termes de l&rsquo;<a href=\"https:\/\/www.legifrance.gouv.fr\/affichCodeArticle.do?cidTexte=LEGITEXT000005634379&amp;idArticle=LEGIARTI000006221640&amp;dateTexte=&amp;categorieLien=cid\" target=\"_blank\" rel=\"\\&quot;noindex,nofollow\\&quot; noopener\">article L. 145-9 du code de commerce<\/a>. Cette reconduction tacite correspond \u00e0 la poursuite des relations locatives, au-del\u00e0 de la premi\u00e8re p\u00e9riode de 9 ans, sans qu&rsquo;un cong\u00e9 ne soit d\u00e9livr\u00e9.<\/p>\n<p>Selon les juridictions fran\u00e7aises, dans un tel cas, il n&rsquo;y aurait pas de nouveau contrat de bail, ce qui implique que la garantie du c\u00e9dant serait maintenue durant cette p\u00e9riode (<a href=\"https:\/\/www.legifrance.gouv.fr\/affichJuriJudi.do?idTexte=JURITEXT000007046719&amp;dateTexte=\" target=\"_blank\" rel=\"\\&quot;noindex,nofollow\\&quot; noopener\">Cass. 3e civ., 5 juin 2002<\/a>).<\/p>\n<p>C&rsquo;est une d\u00e9cision \u00ab\u00a0surprenante\u00a0\u00bb, car la Cour de Cassation a consacr\u00e9 par ailleurs le principe que, sauf disposition ou volont\u00e9 contraire, la tacite reconduction d&rsquo;un contrat \u00e0 dur\u00e9e d\u00e9termin\u00e9e donne naissance \u00e0 un nouveau contrat de dur\u00e9e ind\u00e9termin\u00e9e (<a href=\"https:\/\/www.legifrance.gouv.fr\/affichJuriJudi.do?oldAction=rechJuriJudi&amp;idTexte=JURITEXT000007048986&amp;fastReqId=296471515&amp;fastPos=1\" target=\"_blank\" rel=\"\\&quot;noindex,nofollow\\&quot; noopener\">Cass. 1re civ., 15 nov. 2005<\/a>).<\/p>\n<p>Il y a donc ici une certaine contradiction jurisprudentielle qui, pourtant, semble toujours demeurer.<\/p>\n<h4><strong>Conclusion n\u00b0 1 : pour les bailleurs, attention \u00e0 la r\u00e9daction de la clause <\/strong><\/h4>\n<p>Un bailleur qui inscrit une clause de garantie solidaire du c\u00e9dant du fonds de commerce dans son bail s&rsquo;octroie une s\u00fbret\u00e9 compl\u00e9mentaire.<\/p>\n<p>Cette s\u00fbret\u00e9 peut \u00eatre mise \u00e0 mal par les tribunaux, d&rsquo;o\u00f9 l&rsquo;int\u00e9r\u00eat d&rsquo;avoir une clause bien r\u00e9dig\u00e9e, de mani\u00e8re compl\u00e8te&#8230; puis de la faire accepter au locataire !<\/p>\n<h4><strong>Conclusion n\u00b0 2 : pour les locataires ou acqu\u00e9reurs de fonds de commerce, une fatalit\u00e9 ? <\/strong><\/h4>\n<div>Comme indiqu\u00e9 ci-dessus, la clause de garantie solidaire est tr\u00e8s fr\u00e9quente dans les baux commerciaux.<\/div>\n<div><\/div>\n<div>En n\u00e9gocier le p\u00e9rim\u00e8tre rel\u00e8ve parfois de la gageure, surtout quand les candidats locataires sont l\u00e9gion.<\/div>\n<div><\/div>\n<div>Toutefois, il est \u00e9galement envisageable de n\u00e9gocier avec le bailleur, en cas de cession, une mainlev\u00e9e de cet engagement de garantie solidaire, voire une substitution de s\u00fbret\u00e9 permettant de limiter la dur\u00e9e de l&rsquo;attachement du c\u00e9dant \u00e0 son ancien fonds de commerce et les al\u00e9as d&rsquo;une exploitation qu&rsquo;il ne ma\u00eetrise plus.<\/div>\n<div><\/div>\n<div><\/div>\n<div><span style=\"text-decoration: underline;\"> <strong><em>Vos commentaires sont lus : il y est r\u00e9pondu par courriel, de mani\u00e8re confidentielle et personnelle, \u00e0 l\u2019adresse mail que vous renseignez.<\/em><\/strong><\/span><\/div>\n","protected":false},"excerpt":{"rendered":"<p>(Actualisation au 15 juillet 2014 : la loi Pinel a ajout\u00e9 dans le Code de commerce des dispositions encadrant la clause de garantie des loyers, limitant notamment son efficacit\u00e9 aux trois ann\u00e9es suivant la cession du fonds) La cession d&rsquo;un fonds de commerce co\u00efncide souvent, pour le vendeur, avec la fin d&rsquo;une activit\u00e9. C&rsquo;est un moment o\u00f9 pr\u00e9valent la valorisation du travail fourni et le bilan d&rsquo;une exploitation, depuis laquelle on souhaite, pour diff\u00e9rentes raisons, larguer les amarres et naviguer vers d&rsquo;autres eaux&#8230; Toutefois, le pass\u00e9 que l&rsquo;on croyait avoir mis \u00e0 la porte peut revenir par la fen\u00eatre, par &hellip; <a href=\"https:\/\/www.neuman-avocat.fr\/publications\/ceder-son-fonds-de-commerce-pour-mieux-y-rester-attache-ou-la-clause-de-garantie-des-loyers-dans-la-cession-de-fonds\/\" class=\"more-link\">Continuer la lecture de <span class=\"screen-reader-text\">C\u00e9der son fonds de commerce pour mieux y rester attach\u00e9 ou la clause de garantie des loyers dans la cession de fonds<\/span> <span class=\"meta-nav\">&rarr;<\/span><\/a><\/p>\n","protected":false},"author":2,"featured_media":0,"comment_status":"open","ping_status":"open","sticky":false,"template":"","format":"standard","meta":{"footnotes":""},"categories":[17],"tags":[47,60,61,59,62,63,64],"class_list":["post-84","post","type-post","status-publish","format-standard","hentry","category-publications","tag-bail-commercial","tag-cession","tag-clause-de-garantie","tag-fonds-de-commerce","tag-garant-et-repondant-solidaire","tag-l-145-16-1-du-code-de-commerce","tag-l-145-16-2-du-code-de-commerce"],"yoast_head":"<!-- This site is optimized with the Yoast SEO plugin v27.4 - https:\/\/yoast.com\/product\/yoast-seo-wordpress\/ -->\n<title>C\u00e9der son fonds de commerce pour mieux y rester attach\u00e9 ou la clause de garantie des loyers dans la cession de fonds - Publications Neuman Avocat<\/title>\n<meta name=\"description\" content=\"Les baux commerciaux contiennent souvent une clause dite de garantie des loyers, qui oblige le c\u00e9dant \u00e0 demeurer garant des dettes de son acqu\u00e9reur.\" \/>\n<meta name=\"robots\" content=\"index, follow, max-snippet:-1, max-image-preview:large, max-video-preview:-1\" \/>\n<link rel=\"canonical\" href=\"https:\/\/www.neuman-avocat.fr\/publications\/ceder-son-fonds-de-commerce-pour-mieux-y-rester-attache-ou-la-clause-de-garantie-des-loyers-dans-la-cession-de-fonds\/\" \/>\n<meta property=\"og:locale\" content=\"fr_FR\" \/>\n<meta property=\"og:type\" content=\"article\" \/>\n<meta property=\"og:title\" content=\"C\u00e9der son fonds de commerce pour mieux y rester attach\u00e9 ou la clause de garantie des loyers dans la cession de fonds - Publications Neuman Avocat\" \/>\n<meta property=\"og:description\" content=\"Les baux commerciaux contiennent souvent une clause dite de garantie des loyers, qui oblige le c\u00e9dant \u00e0 demeurer garant des dettes de son acqu\u00e9reur.\" \/>\n<meta property=\"og:url\" content=\"https:\/\/www.neuman-avocat.fr\/publications\/ceder-son-fonds-de-commerce-pour-mieux-y-rester-attache-ou-la-clause-de-garantie-des-loyers-dans-la-cession-de-fonds\/\" \/>\n<meta property=\"og:site_name\" content=\"Publications Neuman Avocat\" \/>\n<meta property=\"article:published_time\" content=\"2014-02-21T16:01:32+00:00\" \/>\n<meta property=\"article:modified_time\" content=\"2018-03-24T11:53:43+00:00\" \/>\n<meta name=\"author\" content=\"mneuman\" \/>\n<meta name=\"twitter:card\" content=\"summary_large_image\" \/>\n<meta name=\"twitter:label1\" content=\"\u00c9crit par\" \/>\n\t<meta name=\"twitter:data1\" content=\"mneuman\" \/>\n\t<meta name=\"twitter:label2\" content=\"Dur\u00e9e de lecture estim\u00e9e\" \/>\n\t<meta name=\"twitter:data2\" content=\"7 minutes\" \/>\n<script type=\"application\/ld+json\" class=\"yoast-schema-graph\">{\"@context\":\"https:\\\/\\\/schema.org\",\"@graph\":[{\"@type\":\"Article\",\"@id\":\"https:\\\/\\\/www.neuman-avocat.fr\\\/publications\\\/ceder-son-fonds-de-commerce-pour-mieux-y-rester-attache-ou-la-clause-de-garantie-des-loyers-dans-la-cession-de-fonds\\\/#article\",\"isPartOf\":{\"@id\":\"https:\\\/\\\/www.neuman-avocat.fr\\\/publications\\\/ceder-son-fonds-de-commerce-pour-mieux-y-rester-attache-ou-la-clause-de-garantie-des-loyers-dans-la-cession-de-fonds\\\/\"},\"author\":{\"name\":\"mneuman\",\"@id\":\"https:\\\/\\\/www.neuman-avocat.fr\\\/publications\\\/#\\\/schema\\\/person\\\/ddcc6d3a53112a8d9182f724eee641b1\"},\"headline\":\"C\u00e9der son fonds de commerce pour mieux y rester attach\u00e9 ou la clause de garantie des loyers dans la cession de fonds\",\"datePublished\":\"2014-02-21T16:01:32+00:00\",\"dateModified\":\"2018-03-24T11:53:43+00:00\",\"mainEntityOfPage\":{\"@id\":\"https:\\\/\\\/www.neuman-avocat.fr\\\/publications\\\/ceder-son-fonds-de-commerce-pour-mieux-y-rester-attache-ou-la-clause-de-garantie-des-loyers-dans-la-cession-de-fonds\\\/\"},\"wordCount\":1475,\"commentCount\":11,\"keywords\":[\"bail commercial\",\"cession\",\"clause de garantie\",\"fonds de commerce\",\"garant et r\u00e9pondant solidaire\",\"L.145-16-1 du code de commerce\",\"L.145-16-2 du code de commerce\"],\"articleSection\":[\"Publications\"],\"inLanguage\":\"fr-FR\",\"potentialAction\":[{\"@type\":\"CommentAction\",\"name\":\"Comment\",\"target\":[\"https:\\\/\\\/www.neuman-avocat.fr\\\/publications\\\/ceder-son-fonds-de-commerce-pour-mieux-y-rester-attache-ou-la-clause-de-garantie-des-loyers-dans-la-cession-de-fonds\\\/#respond\"]}]},{\"@type\":\"WebPage\",\"@id\":\"https:\\\/\\\/www.neuman-avocat.fr\\\/publications\\\/ceder-son-fonds-de-commerce-pour-mieux-y-rester-attache-ou-la-clause-de-garantie-des-loyers-dans-la-cession-de-fonds\\\/\",\"url\":\"https:\\\/\\\/www.neuman-avocat.fr\\\/publications\\\/ceder-son-fonds-de-commerce-pour-mieux-y-rester-attache-ou-la-clause-de-garantie-des-loyers-dans-la-cession-de-fonds\\\/\",\"name\":\"C\u00e9der son fonds de commerce pour mieux y rester attach\u00e9 ou la clause de garantie des loyers dans la cession de fonds - Publications Neuman Avocat\",\"isPartOf\":{\"@id\":\"https:\\\/\\\/www.neuman-avocat.fr\\\/publications\\\/#website\"},\"datePublished\":\"2014-02-21T16:01:32+00:00\",\"dateModified\":\"2018-03-24T11:53:43+00:00\",\"author\":{\"@id\":\"https:\\\/\\\/www.neuman-avocat.fr\\\/publications\\\/#\\\/schema\\\/person\\\/ddcc6d3a53112a8d9182f724eee641b1\"},\"description\":\"Les baux commerciaux contiennent souvent une clause dite de garantie des loyers, qui oblige le c\u00e9dant \u00e0 demeurer garant des dettes de son acqu\u00e9reur.\",\"breadcrumb\":{\"@id\":\"https:\\\/\\\/www.neuman-avocat.fr\\\/publications\\\/ceder-son-fonds-de-commerce-pour-mieux-y-rester-attache-ou-la-clause-de-garantie-des-loyers-dans-la-cession-de-fonds\\\/#breadcrumb\"},\"inLanguage\":\"fr-FR\",\"potentialAction\":[{\"@type\":\"ReadAction\",\"target\":[\"https:\\\/\\\/www.neuman-avocat.fr\\\/publications\\\/ceder-son-fonds-de-commerce-pour-mieux-y-rester-attache-ou-la-clause-de-garantie-des-loyers-dans-la-cession-de-fonds\\\/\"]}]},{\"@type\":\"BreadcrumbList\",\"@id\":\"https:\\\/\\\/www.neuman-avocat.fr\\\/publications\\\/ceder-son-fonds-de-commerce-pour-mieux-y-rester-attache-ou-la-clause-de-garantie-des-loyers-dans-la-cession-de-fonds\\\/#breadcrumb\",\"itemListElement\":[{\"@type\":\"ListItem\",\"position\":1,\"name\":\"Accueil\",\"item\":\"https:\\\/\\\/www.neuman-avocat.fr\\\/publications\\\/\"},{\"@type\":\"ListItem\",\"position\":2,\"name\":\"C\u00e9der son fonds de commerce pour mieux y rester attach\u00e9 ou la clause de garantie des loyers dans la cession de fonds\"}]},{\"@type\":\"WebSite\",\"@id\":\"https:\\\/\\\/www.neuman-avocat.fr\\\/publications\\\/#website\",\"url\":\"https:\\\/\\\/www.neuman-avocat.fr\\\/publications\\\/\",\"name\":\"Publications Neuman Avocat\",\"description\":\"\",\"potentialAction\":[{\"@type\":\"SearchAction\",\"target\":{\"@type\":\"EntryPoint\",\"urlTemplate\":\"https:\\\/\\\/www.neuman-avocat.fr\\\/publications\\\/?s={search_term_string}\"},\"query-input\":{\"@type\":\"PropertyValueSpecification\",\"valueRequired\":true,\"valueName\":\"search_term_string\"}}],\"inLanguage\":\"fr-FR\"},{\"@type\":\"Person\",\"@id\":\"https:\\\/\\\/www.neuman-avocat.fr\\\/publications\\\/#\\\/schema\\\/person\\\/ddcc6d3a53112a8d9182f724eee641b1\",\"name\":\"mneuman\",\"url\":\"https:\\\/\\\/www.neuman-avocat.fr\\\/publications\\\/author\\\/mneuman\\\/\"}]}<\/script>\n<!-- \/ Yoast SEO plugin. -->","yoast_head_json":{"title":"C\u00e9der son fonds de commerce pour mieux y rester attach\u00e9 ou la clause de garantie des loyers dans la cession de fonds - Publications Neuman Avocat","description":"Les baux commerciaux contiennent souvent une clause dite de garantie des loyers, qui oblige le c\u00e9dant \u00e0 demeurer garant des dettes de son acqu\u00e9reur.","robots":{"index":"index","follow":"follow","max-snippet":"max-snippet:-1","max-image-preview":"max-image-preview:large","max-video-preview":"max-video-preview:-1"},"canonical":"https:\/\/www.neuman-avocat.fr\/publications\/ceder-son-fonds-de-commerce-pour-mieux-y-rester-attache-ou-la-clause-de-garantie-des-loyers-dans-la-cession-de-fonds\/","og_locale":"fr_FR","og_type":"article","og_title":"C\u00e9der son fonds de commerce pour mieux y rester attach\u00e9 ou la clause de garantie des loyers dans la cession de fonds - Publications Neuman Avocat","og_description":"Les baux commerciaux contiennent souvent une clause dite de garantie des loyers, qui oblige le c\u00e9dant \u00e0 demeurer garant des dettes de son acqu\u00e9reur.","og_url":"https:\/\/www.neuman-avocat.fr\/publications\/ceder-son-fonds-de-commerce-pour-mieux-y-rester-attache-ou-la-clause-de-garantie-des-loyers-dans-la-cession-de-fonds\/","og_site_name":"Publications Neuman Avocat","article_published_time":"2014-02-21T16:01:32+00:00","article_modified_time":"2018-03-24T11:53:43+00:00","author":"mneuman","twitter_card":"summary_large_image","twitter_misc":{"\u00c9crit par":"mneuman","Dur\u00e9e de lecture estim\u00e9e":"7 minutes"},"schema":{"@context":"https:\/\/schema.org","@graph":[{"@type":"Article","@id":"https:\/\/www.neuman-avocat.fr\/publications\/ceder-son-fonds-de-commerce-pour-mieux-y-rester-attache-ou-la-clause-de-garantie-des-loyers-dans-la-cession-de-fonds\/#article","isPartOf":{"@id":"https:\/\/www.neuman-avocat.fr\/publications\/ceder-son-fonds-de-commerce-pour-mieux-y-rester-attache-ou-la-clause-de-garantie-des-loyers-dans-la-cession-de-fonds\/"},"author":{"name":"mneuman","@id":"https:\/\/www.neuman-avocat.fr\/publications\/#\/schema\/person\/ddcc6d3a53112a8d9182f724eee641b1"},"headline":"C\u00e9der son fonds de commerce pour mieux y rester attach\u00e9 ou la clause de garantie des loyers dans la cession de fonds","datePublished":"2014-02-21T16:01:32+00:00","dateModified":"2018-03-24T11:53:43+00:00","mainEntityOfPage":{"@id":"https:\/\/www.neuman-avocat.fr\/publications\/ceder-son-fonds-de-commerce-pour-mieux-y-rester-attache-ou-la-clause-de-garantie-des-loyers-dans-la-cession-de-fonds\/"},"wordCount":1475,"commentCount":11,"keywords":["bail commercial","cession","clause de garantie","fonds de commerce","garant et r\u00e9pondant solidaire","L.145-16-1 du code de commerce","L.145-16-2 du code de commerce"],"articleSection":["Publications"],"inLanguage":"fr-FR","potentialAction":[{"@type":"CommentAction","name":"Comment","target":["https:\/\/www.neuman-avocat.fr\/publications\/ceder-son-fonds-de-commerce-pour-mieux-y-rester-attache-ou-la-clause-de-garantie-des-loyers-dans-la-cession-de-fonds\/#respond"]}]},{"@type":"WebPage","@id":"https:\/\/www.neuman-avocat.fr\/publications\/ceder-son-fonds-de-commerce-pour-mieux-y-rester-attache-ou-la-clause-de-garantie-des-loyers-dans-la-cession-de-fonds\/","url":"https:\/\/www.neuman-avocat.fr\/publications\/ceder-son-fonds-de-commerce-pour-mieux-y-rester-attache-ou-la-clause-de-garantie-des-loyers-dans-la-cession-de-fonds\/","name":"C\u00e9der son fonds de commerce pour mieux y rester attach\u00e9 ou la clause de garantie des loyers dans la cession de fonds - Publications Neuman Avocat","isPartOf":{"@id":"https:\/\/www.neuman-avocat.fr\/publications\/#website"},"datePublished":"2014-02-21T16:01:32+00:00","dateModified":"2018-03-24T11:53:43+00:00","author":{"@id":"https:\/\/www.neuman-avocat.fr\/publications\/#\/schema\/person\/ddcc6d3a53112a8d9182f724eee641b1"},"description":"Les baux commerciaux contiennent souvent une clause dite de garantie des loyers, qui oblige le c\u00e9dant \u00e0 demeurer garant des dettes de son acqu\u00e9reur.","breadcrumb":{"@id":"https:\/\/www.neuman-avocat.fr\/publications\/ceder-son-fonds-de-commerce-pour-mieux-y-rester-attache-ou-la-clause-de-garantie-des-loyers-dans-la-cession-de-fonds\/#breadcrumb"},"inLanguage":"fr-FR","potentialAction":[{"@type":"ReadAction","target":["https:\/\/www.neuman-avocat.fr\/publications\/ceder-son-fonds-de-commerce-pour-mieux-y-rester-attache-ou-la-clause-de-garantie-des-loyers-dans-la-cession-de-fonds\/"]}]},{"@type":"BreadcrumbList","@id":"https:\/\/www.neuman-avocat.fr\/publications\/ceder-son-fonds-de-commerce-pour-mieux-y-rester-attache-ou-la-clause-de-garantie-des-loyers-dans-la-cession-de-fonds\/#breadcrumb","itemListElement":[{"@type":"ListItem","position":1,"name":"Accueil","item":"https:\/\/www.neuman-avocat.fr\/publications\/"},{"@type":"ListItem","position":2,"name":"C\u00e9der son fonds de commerce pour mieux y rester attach\u00e9 ou la clause de garantie des loyers dans la cession de fonds"}]},{"@type":"WebSite","@id":"https:\/\/www.neuman-avocat.fr\/publications\/#website","url":"https:\/\/www.neuman-avocat.fr\/publications\/","name":"Publications Neuman Avocat","description":"","potentialAction":[{"@type":"SearchAction","target":{"@type":"EntryPoint","urlTemplate":"https:\/\/www.neuman-avocat.fr\/publications\/?s={search_term_string}"},"query-input":{"@type":"PropertyValueSpecification","valueRequired":true,"valueName":"search_term_string"}}],"inLanguage":"fr-FR"},{"@type":"Person","@id":"https:\/\/www.neuman-avocat.fr\/publications\/#\/schema\/person\/ddcc6d3a53112a8d9182f724eee641b1","name":"mneuman","url":"https:\/\/www.neuman-avocat.fr\/publications\/author\/mneuman\/"}]}},"_links":{"self":[{"href":"https:\/\/www.neuman-avocat.fr\/publications\/wp-json\/wp\/v2\/posts\/84","targetHints":{"allow":["GET"]}}],"collection":[{"href":"https:\/\/www.neuman-avocat.fr\/publications\/wp-json\/wp\/v2\/posts"}],"about":[{"href":"https:\/\/www.neuman-avocat.fr\/publications\/wp-json\/wp\/v2\/types\/post"}],"author":[{"embeddable":true,"href":"https:\/\/www.neuman-avocat.fr\/publications\/wp-json\/wp\/v2\/users\/2"}],"replies":[{"embeddable":true,"href":"https:\/\/www.neuman-avocat.fr\/publications\/wp-json\/wp\/v2\/comments?post=84"}],"version-history":[{"count":0,"href":"https:\/\/www.neuman-avocat.fr\/publications\/wp-json\/wp\/v2\/posts\/84\/revisions"}],"wp:attachment":[{"href":"https:\/\/www.neuman-avocat.fr\/publications\/wp-json\/wp\/v2\/media?parent=84"}],"wp:term":[{"taxonomy":"category","embeddable":true,"href":"https:\/\/www.neuman-avocat.fr\/publications\/wp-json\/wp\/v2\/categories?post=84"},{"taxonomy":"post_tag","embeddable":true,"href":"https:\/\/www.neuman-avocat.fr\/publications\/wp-json\/wp\/v2\/tags?post=84"}],"curies":[{"name":"wp","href":"https:\/\/api.w.org\/{rel}","templated":true}]}}