{"id":91,"date":"2014-07-14T14:08:51","date_gmt":"2014-07-14T13:08:51","guid":{"rendered":"http:\/\/www.neuman-avocat.fr\/publications\/?p=91"},"modified":"2019-10-31T09:21:22","modified_gmt":"2019-10-31T08:21:22","slug":"le-bail-derogatoire-prend-de-plus","status":"publish","type":"post","link":"https:\/\/www.neuman-avocat.fr\/publications\/le-bail-derogatoire-prend-de-plus\/","title":{"rendered":"Le bail d\u00e9rogatoire prend un an de plus !"},"content":{"rendered":"<p>Avec la <a href=\"https:\/\/www.legifrance.gouv.fr\/affichTexte.do?cidTexte=JORFTEXT000029101502&amp;categorieLien=id\" target=\"_blank\" rel=\"noopener noreferrer\">loi n\u00b0 2014-626 du 18 juin 2014<\/a>, dite loi Pinel, les d\u00e9rogations l\u00e9gales au statut des baux commerciaux ont fait l\u2019objet d\u2019un certain rafraichissement.<\/p>\n<p>En plus de l\u2019insertion dans le Code de commerce d\u2019un nouvel article <a href=\"http:\/\/www.legifrance.gouv.fr\/affichCodeArticle.do;jsessionid=A985B25EC90D07E538EB2329538D3801.tpdjo12v_2?idArticle=LEGIARTI000029103454&amp;cidTexte=LEGITEXT000005634379&amp;dateTexte=20140901\" target=\"_blank\" rel=\"noopener noreferrer\">L.145-5-1<\/a>, qui adopte une d\u00e9finition l\u00e9gale pour la convention d\u2019occupation pr\u00e9caire, le l\u00e9gislateur a d\u00e9cid\u00e9 de modifier la dur\u00e9e maximale du bail de courte dur\u00e9e (I) ainsi que ses modalit\u00e9s de survie, au-del\u00e0 de ladite dur\u00e9e (II).<\/p>\n<h4><strong>I. La nouvelle dur\u00e9e maximale du bail d\u00e9rogatoire<\/strong><\/h4>\n<h5><strong><em>1. Avant, c\u2019\u00e9tait comment\u00a0?<\/em><\/strong><\/h5>\n<p>L\u2019article <a href=\"https:\/\/www.legifrance.gouv.fr\/affichCodeArticle.do;jsessionid=9DEEF0FDD790AA2201BE39995597369A.tplgfr34s_2?idArticle=LEGIARTI000029108698&amp;cidTexte=LEGITEXT000005634379&amp;categorieLien=id&amp;dateTexte=\" target=\"_blank\" rel=\"noopener noreferrer\">L.145-5 du Code de commerce<\/a> permet de d\u00e9roger au statut des baux commerciaux et \u00e0 sa dur\u00e9e minimale de neuf ann\u00e9es, par la signature d\u2019un, puis, \u00e0 partir de la loi LME du 4 ao\u00fbt 2008, de plusieurs baux successifs dont la dur\u00e9e totale ne pouvait, jusqu&rsquo;\u00e0 la loi Pinel, d\u00e9passer deux ans.<\/p>\n<p>La d\u00e9rogation ne s\u2019arr\u00eate bien entendu pas \u00e0 la dur\u00e9e du bail, mais \u00e0 l\u2019ensemble des dispositions protectrices du statut des baux commerciaux, si bien que les parties sont libres de r\u00e9gir leurs relations comme elles l&rsquo;entendent, les dispositions du Code civil applicables \u00e0 tout contrat de louage (<a href=\"https:\/\/www.legifrance.gouv.fr\/affichCode.do;jsessionid=9DEEF0FDD790AA2201BE39995597369A.tplgfr34s_2?idSectionTA=LEGISCTA000006136386&amp;cidTexte=LEGITEXT000006070721&amp;dateTexte=20180324\" target=\"_blank\" rel=\"noopener noreferrer\">articles 1708 et suivants du Code civil<\/a>) \u00e9tant n\u00e9anmoins susceptibles de prendre le relai en cas d\u2019oubli des parties dans la r\u00e9daction dudit bail.<\/p>\n<p>Comme expliqu\u00e9 <a href=\"https:\/\/www.neuman-avocat.fr\/publications\/oui-on-peut-enchainer-les-baux-derogatoires-mais-pas-nimporte-comment\/\" target=\"_blank\" rel=\"noopener noreferrer\">ici<\/a>, plusieurs raisons peuvent motiver le choix d\u2019un bail de dur\u00e9e plus courte, tant pour le bailleur que pour le preneur de locaux commerciaux.<\/p>\n<p>On a donc vu fleurir de nombreux baux de courte dur\u00e9e, souvent de 23 mois, par pr\u00e9caution inutile, semble-t-il, la r\u00e9daction de l\u2019article <a href=\"https:\/\/www.legifrance.gouv.fr\/affichCodeArticle.do;jsessionid=9DEEF0FDD790AA2201BE39995597369A.tplgfr34s_2?idArticle=LEGIARTI000029108698&amp;cidTexte=LEGITEXT000005634379&amp;categorieLien=id&amp;dateTexte=\" target=\"_blank\" rel=\"noopener noreferrer\">L.145-5 du Code de commerce<\/a> permettant d\u2019atteindre la dur\u00e9e de deux ans, sous r\u00e9serve n\u00e9anmoins de ne pas la d\u00e9passer.<\/p>\n<p>En effet, en cas de d\u00e9passement de cette dur\u00e9e et de maintien du preneur dans les lieux au-del\u00e0, la relation des parties sortait du champ d\u00e9rogatoire pour rentrer dans le cadre plus strict du statut des baux commerciaux, un bail de neuf ans s\u2019op\u00e9rant d\u00e8s l\u2019\u00e9ch\u00e9ance du bail de courte dur\u00e9e.<\/p>\n<p>La jurisprudence sanctionnait d\u2019ailleurs de mani\u00e8re s\u00e9v\u00e8re l\u2019absence de r\u00e9activit\u00e9 d\u2019un bailleur apr\u00e8s l\u2019issue du bail d\u00e9rogatoire, de sorte qu\u2019un d\u00e9passement de trois jours suffisait \u00e0 confirmer le maintien du preneur dans les lieux et la conclusion d\u2019un bail commercial.<\/p>\n<h5><strong><em>2. Et maintenant, c\u2019est comment\u00a0?<\/em><\/strong><\/h5>\n<p>La nouvelle r\u00e9daction de la premi\u00e8re phrase de l\u2019article <a href=\"https:\/\/www.legifrance.gouv.fr\/affichCodeArticle.do;jsessionid=9DEEF0FDD790AA2201BE39995597369A.tplgfr34s_2?idArticle=LEGIARTI000029108698&amp;cidTexte=LEGITEXT000005634379&amp;categorieLien=id&amp;dateTexte=\" target=\"_blank\" rel=\"noopener noreferrer\">L.145-5 du Code de commerce<\/a>, applicable uniquement aux contrats conclus ou renouvel\u00e9s \u00e0 compter du 1er septembre 2014, \u00a0est d\u00e9sormais la suivante\u00a0:<\/p>\n<blockquote><p><strong><em>\u00ab\u00a0Les parties peuvent, lors de l&rsquo;entr\u00e9e dans les lieux du preneur, d\u00e9roger aux dispositions du pr\u00e9sent chapitre \u00e0 la condition que la dur\u00e9e totale du bail ou des baux successifs ne soit pas sup\u00e9rieure \u00e0 trois ans.\u00a0\u00bb<\/em><\/strong><\/p><\/blockquote>\n<p>Le d\u00e9lai de deux ans r\u00e9pondait \u00e0 l\u2019origine \u00e0 un souhait de protection des petits commerces\u00a0: cette courte dur\u00e9e permettait \u00e0 un preneur de \u00ab\u00a0tester son march\u00e9\u00a0\u00bb, avant de s\u2019installer de mani\u00e8re d\u00e9finitive.<\/p>\n<p>Lors des <a href=\"http:\/\/www.assemblee-nationale.fr\/14\/dossiers\/Commerce_tpe.asp\" target=\"_blank\" rel=\"noopener noreferrer\">d\u00e9bats parlementaires<\/a> sur la loi Pinel, il a \u00e9t\u00e9 \u00e9voqu\u00e9 l\u2019augmentation du d\u00e9lai de deux \u00e0 trois ans, afin de donner \u00ab\u00a0<em>une plus grande souplesse\u00a0<\/em>\u00bb, \u00ab\u00a0<em>pour se rendre compte, dans certains secteurs, de la fid\u00e9lit\u00e9 de la client\u00e8le, de l\u2019impact des produits commercialis\u00e9s et de la viabilit\u00e9 \u00e9conomique des boutiques\u00a0<\/em>\u00bb.<\/p>\n<p>Certains ont pu s\u2019interroger sur l\u2019utilit\u00e9 de cette augmentation pour un preneur, alors que, dans le cadre d\u2019un bail commercial classique, il dispose d\u2019une facult\u00e9 de r\u00e9siliation triennale de sorte qu\u2019il aurait plus int\u00e9r\u00eat \u00e0 conclure un bail commercial r\u00e9siliable au bout de trois ans qu\u2019un bail d\u00e9rogatoire de cette dur\u00e9e.<\/p>\n<p>Or, le bail d\u00e9rogatoire conserve des int\u00e9r\u00eats non n\u00e9gligeables\u00a0:<\/p>\n<ul style=\"list-style-type: disc;\">\n<li>D\u2019une part, les parties peuvent convenir de plusieurs baux successifs dans le cadre de la dur\u00e9e maximale, ce qui permet, notamment au preneur, de ne pas s\u2019engager sur toute une p\u00e9riode de trois ans\u00a0;<\/li>\n<\/ul>\n<ul style=\"list-style-type: disc;\">\n<li>D\u2019autre part, il est possible de pr\u00e9voir les modalit\u00e9s du cong\u00e9 donn\u00e9 dans le cadre de ce bail d\u00e9rogatoire, avec des d\u00e9lais plus courts que ceux r\u00e9gissant le statut des baux commerciaux (d\u00e9livrance du cong\u00e9 six mois avant la date de r\u00e9siliation triennale), voire d\u2019envisager des modalit\u00e9s de rupture anticip\u00e9e.<\/li>\n<\/ul>\n<h4><strong>II. Que se passe-t-il d\u00e9sormais \u00e0 l\u2019issue d\u2019un bail d\u00e9rogatoire\u00a0?<\/strong><\/h4>\n<h5><strong><em>1. Un nouveau bail commercial s\u2019op\u00e8re\u00a0? \u2026<\/em><\/strong><\/h5>\n<p>Pour \u00e9viter les al\u00e9as d\u2019un maintien du preneur dans les lieux au-del\u00e0 de la dur\u00e9e du bail d\u00e9rogatoire, le l\u00e9gislateur a ajout\u00e9 sa petite touche personnelle.<\/p>\n<p>En effet, s\u2019il rappelle bien que le preneur rest\u00e9 et laiss\u00e9 en possession pourra b\u00e9n\u00e9ficier d\u2019un bail commercial soumis au statut protecteur des articles <a href=\"https:\/\/www.legifrance.gouv.fr\/affichCode.do;jsessionid=9DEEF0FDD790AA2201BE39995597369A.tplgfr34s_2?idSectionTA=LEGISCTA000006161262&amp;cidTexte=LEGITEXT000005634379&amp;dateTexte=20180324\" target=\"_blank\" rel=\"noopener noreferrer\">L.145-1 et suivants du Code de Commerce<\/a>, il octroie un d\u00e9lai de r\u00e9pit aux parties, qui se voient accorder un mois suppl\u00e9mentaire pour r\u00e9agir.<\/p>\n<p>Le d\u00e9lai maximal du bail d\u00e9rogatoire passe donc, de mani\u00e8re indirecte, \u00e0 3 ans et un mois\u00a0!<\/p>\n<p>Cette disposition vient rompre la jurisprudence rappel\u00e9e ci-dessus, qui permettait notamment \u00e0 un preneur de jouer sur l\u2019absence de r\u00e9activit\u00e9 imm\u00e9diate d\u2019un bailleur, \u00e0 quelques jours pr\u00e8s, pour se voir consentir, par les tribunaux, un droit au statut des baux commerciaux.<\/p>\n<p>D\u00e9sormais, les parties sont cens\u00e9es avoir du temps, en fin de bail d\u00e9rogatoire, pour ent\u00e9riner la suite de leur relation\u00a0: fin du rapport locatif ou poursuite dans un autre cadre. Des atermoiements trop longs et le simple d\u00e9passement du d\u00e9lai d\u2019un mois devraient entra\u00eener la conclusion d\u2019un bail commercial et il est probable que les tribunaux soient d\u00e9sormais tr\u00e8s stricts, en cas de non-respect de ce d\u00e9lai suppl\u00e9mentaire.<\/p>\n<p>On ne saurait donc trop conseiller :<\/p>\n<p>&#8211; au bailleur qui souhaite que les choses s&rsquo;arr\u00eatent l\u00e0 de notifier \u00e0 son preneur, par acte d&rsquo;huissier, son intention de r\u00e9cup\u00e9rer les locaux, dans le d\u00e9lai d&rsquo;un mois, et ;<\/p>\n<p>&#8211; au preneur, en l&rsquo;absence de r\u00e9action de son bailleur \u00e0 l&rsquo;issue du bail d\u00e9rogatoire, de lib\u00e9rer les locaux avant le terme du nouveau d\u00e9lai d&rsquo;un mois, en faisant constater son d\u00e9part par un huissier, qui appellera le bailleur au jour de la sortie des locaux, en vue notamment de la remise des cl\u00e9s et de l&rsquo;\u00e9tablissement d&rsquo;un \u00e9tat des lieux de sortie.<\/p>\n<h5><strong><em>2. \u2026 ou est-il encore possible d\u2019encha\u00eener les baux d\u00e9rogatoires\u00a0?<\/em><\/strong><\/h5>\n<p>Avant la loi Pinel, le bail d\u00e9rogatoire pouvait \u00eatre suivi d\u2019un autre bail d\u00e9rogatoire, <a href=\"https:\/\/www.neuman-avocat.fr\/publications\/oui-on-peut-enchainer-les-baux-derogatoires-mais-pas-nimporte-comment\/\" target=\"_blank\" rel=\"noopener noreferrer\">si tant est que certaines pr\u00e9cautions avaient \u00e9t\u00e9 prises pour ce faire<\/a>.<\/p>\n<p>D\u00e9sormais, l\u2019article L.145-5 du Code de commerce dispose que\u00a0:<\/p>\n<blockquote><p><em><strong>\u00ab\u00a0A l\u2019expiration de cette dur\u00e9e, les parties ne peuvent plus conclure un nouveau bail d\u00e9rogeant aux dispositions du pr\u00e9sent chapitre pour exploiter le m\u00eame fonds dans les m\u00eames locaux.\u00a0\u00bb<\/strong><\/em><\/p><\/blockquote>\n<p>Le l\u00e9gislateur a donc mis un terme \u00e0 la pratique existant jusqu\u2019alors, \u00e0 savoir la facult\u00e9 pour les parties de poursuivre la relation locative dans un cadre d\u00e9rogatoire, au-del\u00e0 de la dur\u00e9e maximale autoris\u00e9e, sous r\u00e9serve de renoncer au b\u00e9n\u00e9fice du statut des baux commerciaux, une fois acquis le droit audit statut.<\/p>\n<p>N\u00e9anmoins, la loi Pinel revient \u00e9galement sur une jurisprudence stricte de la Cour de Cassation, qui avait sanctionn\u00e9 la conclusion d\u2019un nouveau bail d\u00e9rogatoire, entre les deux m\u00eames parties, bien que l\u2019activit\u00e9 exploit\u00e9e \u00e9tait diff\u00e9rente d\u2019un bail \u00e0 l\u2019autre.<\/p>\n<p>D\u00e9sormais, l\u2019impossibilit\u00e9 de conclure un nouveau bail d\u00e9rogatoire concerne exclusivement l\u2019exploitation du \u00ab\u00a0m\u00eame fonds\u00a0\u00bb \u00ab\u00a0dans les m\u00eames locaux\u00a0\u00bb.<\/p>\n<p>Est-ce \u00e0 dire que l\u2019enchainement des baux d\u00e9rogatoires ne devra pas se faire sous les m\u00eames pr\u00e9cautions qu\u2019auparavant\u00a0? Rien n\u2019est moins s\u00fbr\u2026<\/p>\n<p>En effet, l\u2019alin\u00e9a 3 de l\u2019article <a href=\"https:\/\/www.legifrance.gouv.fr\/affichCodeArticle.do;jsessionid=9DEEF0FDD790AA2201BE39995597369A.tplgfr34s_2?idArticle=LEGIARTI000029108698&amp;cidTexte=LEGITEXT000005634379&amp;categorieLien=id&amp;dateTexte=\" target=\"_blank\" rel=\"noopener noreferrer\">L.145-5 du Code de commerce<\/a> dispose toujours qu\u2019\u00e0 l\u2019expiration du d\u00e9lai de trois ans, il s\u2019op\u00e8re un nouveau bail soumis au statut des baux commerciaux.<\/p>\n<p>L\u2019alin\u00e9a 4, quant \u00e0 lui, n\u2019a pas \u00e9t\u00e9 modifi\u00e9\u00a0:<\/p>\n<blockquote><p><em><strong>\u00ab\u00a0Il en est de m\u00eame <\/strong>[conclusion d\u2019un bail soumis au statut des baux commerciaux]<strong>, \u00e0 l&rsquo;expiration de cette dur\u00e9e, en cas de renouvellement expr\u00e8s du bail ou de conclusion, entre les m\u00eames parties, d&rsquo;un nouveau bail pour le m\u00eame local.\u00a0\u00bb<\/strong><\/em><\/p><\/blockquote>\n<p>A mon avis, \u00e0 l\u2019issue des trois ans de baux d\u00e9rogatoires (augment\u00e9s d\u2019un mois, donc), en cas de poursuite de l\u2019exploitation d\u2019un fonds diff\u00e9rent dans les m\u00eames locaux, il faudra n\u00e9cessairement que les parties renoncent au b\u00e9n\u00e9fice du statut des baux commerciaux de mani\u00e8re expresse.<\/p>\n<p>Il est tout \u00e0 fait conseill\u00e9 que cette renonciation ait lieu dans un acte distinct du nouveau bail d\u00e9rogatoire, en amont de sa signature, une fois que le droit au statut est acquis dans le temps. Pour ce faire, la pr\u00e9sence d&rsquo;un conseil aupr\u00e8s des parties est indispensable afin de s&rsquo;assurer que la chronologie de l&rsquo;enchainement des baux ne soit pas contest\u00e9e ult\u00e9rieurement.<\/p>\n<p><span style=\"text-decoration: underline;\"><strong><em>Vos commentaires sont lus : il y est r\u00e9pondu par courriel, de mani\u00e8re confidentielle et personnelle, \u00e0 l\u2019adresse mail que vous renseignez.<\/em><\/strong><\/span><\/p>\n","protected":false},"excerpt":{"rendered":"<p>Avec la loi n\u00b0 2014-626 du 18 juin 2014, dite loi Pinel, les d\u00e9rogations l\u00e9gales au statut des baux commerciaux ont fait l\u2019objet d\u2019un certain rafraichissement. En plus de l\u2019insertion dans le Code de commerce d\u2019un nouvel article L.145-5-1, qui adopte une d\u00e9finition l\u00e9gale pour la convention d\u2019occupation pr\u00e9caire, le l\u00e9gislateur a d\u00e9cid\u00e9 de modifier la dur\u00e9e maximale du bail de courte dur\u00e9e (I) ainsi que ses modalit\u00e9s de survie, au-del\u00e0 de ladite dur\u00e9e (II). I. La nouvelle dur\u00e9e maximale du bail d\u00e9rogatoire 1. Avant, c\u2019\u00e9tait comment\u00a0? L\u2019article L.145-5 du Code de commerce permet de d\u00e9roger au statut des baux &hellip; <a href=\"https:\/\/www.neuman-avocat.fr\/publications\/le-bail-derogatoire-prend-de-plus\/\" class=\"more-link\">Continuer la lecture de <span class=\"screen-reader-text\">Le bail d\u00e9rogatoire prend un an de plus !<\/span> <span class=\"meta-nav\">&rarr;<\/span><\/a><\/p>\n","protected":false},"author":2,"featured_media":0,"comment_status":"open","ping_status":"open","sticky":false,"template":"","format":"standard","meta":{"footnotes":""},"categories":[17],"tags":[47,41,40,42,45,44,39,46,43],"class_list":["post-91","post","type-post","status-publish","format-standard","hentry","category-publications","tag-bail-commercial","tag-bail-de-courte-duree","tag-bail-derogatoire","tag-deux-ans","tag-enchainement","tag-l-145-5-du-code-de-commerce","tag-loi-pinel","tag-statut-des-baux-commerciaux","tag-trois-ans"],"yoast_head":"<!-- This site is optimized with the Yoast SEO plugin v27.5 - https:\/\/yoast.com\/product\/yoast-seo-wordpress\/ -->\n<title>Le bail d\u00e9rogatoire prend un an de plus ! - Publications Neuman Avocat<\/title>\n<meta name=\"description\" content=\"Avec la loi Pinel, des baux de courte dur\u00e9e portant sur des locaux commerciaux peuvent \u00eatre conclus pour une dur\u00e9e de trois ans. Que se passe-t-il apr\u00e8s ?\" \/>\n<meta name=\"robots\" content=\"index, follow, max-snippet:-1, max-image-preview:large, max-video-preview:-1\" \/>\n<link rel=\"canonical\" href=\"https:\/\/www.neuman-avocat.fr\/publications\/le-bail-derogatoire-prend-de-plus\/\" \/>\n<meta property=\"og:locale\" content=\"fr_FR\" \/>\n<meta property=\"og:type\" content=\"article\" \/>\n<meta property=\"og:title\" content=\"Le bail d\u00e9rogatoire prend un an de plus ! - Publications Neuman Avocat\" \/>\n<meta property=\"og:description\" content=\"Avec la loi Pinel, des baux de courte dur\u00e9e portant sur des locaux commerciaux peuvent \u00eatre conclus pour une dur\u00e9e de trois ans. Que se passe-t-il apr\u00e8s ?\" \/>\n<meta property=\"og:url\" content=\"https:\/\/www.neuman-avocat.fr\/publications\/le-bail-derogatoire-prend-de-plus\/\" \/>\n<meta property=\"og:site_name\" content=\"Publications Neuman Avocat\" \/>\n<meta property=\"article:published_time\" content=\"2014-07-14T13:08:51+00:00\" \/>\n<meta property=\"article:modified_time\" content=\"2019-10-31T08:21:22+00:00\" \/>\n<meta name=\"author\" content=\"mneuman\" \/>\n<meta name=\"twitter:card\" content=\"summary_large_image\" \/>\n<meta name=\"twitter:label1\" content=\"\u00c9crit par\" \/>\n\t<meta name=\"twitter:data1\" content=\"mneuman\" \/>\n\t<meta name=\"twitter:label2\" content=\"Dur\u00e9e de lecture estim\u00e9e\" \/>\n\t<meta name=\"twitter:data2\" content=\"8 minutes\" \/>\n<script type=\"application\/ld+json\" class=\"yoast-schema-graph\">{\"@context\":\"https:\\\/\\\/schema.org\",\"@graph\":[{\"@type\":\"Article\",\"@id\":\"https:\\\/\\\/www.neuman-avocat.fr\\\/publications\\\/le-bail-derogatoire-prend-de-plus\\\/#article\",\"isPartOf\":{\"@id\":\"https:\\\/\\\/www.neuman-avocat.fr\\\/publications\\\/le-bail-derogatoire-prend-de-plus\\\/\"},\"author\":{\"name\":\"mneuman\",\"@id\":\"https:\\\/\\\/www.neuman-avocat.fr\\\/publications\\\/#\\\/schema\\\/person\\\/ddcc6d3a53112a8d9182f724eee641b1\"},\"headline\":\"Le bail d\u00e9rogatoire prend un an de plus !\",\"datePublished\":\"2014-07-14T13:08:51+00:00\",\"dateModified\":\"2019-10-31T08:21:22+00:00\",\"mainEntityOfPage\":{\"@id\":\"https:\\\/\\\/www.neuman-avocat.fr\\\/publications\\\/le-bail-derogatoire-prend-de-plus\\\/\"},\"wordCount\":1649,\"commentCount\":3,\"keywords\":[\"bail commercial\",\"bail de courte dur\u00e9e\",\"bail d\u00e9rogatoire\",\"deux ans\",\"enchainement\",\"L.145-5 du code de commerce\",\"loi Pinel\",\"statut des baux commerciaux\",\"trois ans\"],\"articleSection\":[\"Publications\"],\"inLanguage\":\"fr-FR\",\"potentialAction\":[{\"@type\":\"CommentAction\",\"name\":\"Comment\",\"target\":[\"https:\\\/\\\/www.neuman-avocat.fr\\\/publications\\\/le-bail-derogatoire-prend-de-plus\\\/#respond\"]}]},{\"@type\":\"WebPage\",\"@id\":\"https:\\\/\\\/www.neuman-avocat.fr\\\/publications\\\/le-bail-derogatoire-prend-de-plus\\\/\",\"url\":\"https:\\\/\\\/www.neuman-avocat.fr\\\/publications\\\/le-bail-derogatoire-prend-de-plus\\\/\",\"name\":\"Le bail d\u00e9rogatoire prend un an de plus ! - Publications Neuman Avocat\",\"isPartOf\":{\"@id\":\"https:\\\/\\\/www.neuman-avocat.fr\\\/publications\\\/#website\"},\"datePublished\":\"2014-07-14T13:08:51+00:00\",\"dateModified\":\"2019-10-31T08:21:22+00:00\",\"author\":{\"@id\":\"https:\\\/\\\/www.neuman-avocat.fr\\\/publications\\\/#\\\/schema\\\/person\\\/ddcc6d3a53112a8d9182f724eee641b1\"},\"description\":\"Avec la loi Pinel, des baux de courte dur\u00e9e portant sur des locaux commerciaux peuvent \u00eatre conclus pour une dur\u00e9e de trois ans. Que se passe-t-il apr\u00e8s ?\",\"breadcrumb\":{\"@id\":\"https:\\\/\\\/www.neuman-avocat.fr\\\/publications\\\/le-bail-derogatoire-prend-de-plus\\\/#breadcrumb\"},\"inLanguage\":\"fr-FR\",\"potentialAction\":[{\"@type\":\"ReadAction\",\"target\":[\"https:\\\/\\\/www.neuman-avocat.fr\\\/publications\\\/le-bail-derogatoire-prend-de-plus\\\/\"]}]},{\"@type\":\"BreadcrumbList\",\"@id\":\"https:\\\/\\\/www.neuman-avocat.fr\\\/publications\\\/le-bail-derogatoire-prend-de-plus\\\/#breadcrumb\",\"itemListElement\":[{\"@type\":\"ListItem\",\"position\":1,\"name\":\"Accueil\",\"item\":\"https:\\\/\\\/www.neuman-avocat.fr\\\/publications\\\/\"},{\"@type\":\"ListItem\",\"position\":2,\"name\":\"Le bail d\u00e9rogatoire prend un an de plus !\"}]},{\"@type\":\"WebSite\",\"@id\":\"https:\\\/\\\/www.neuman-avocat.fr\\\/publications\\\/#website\",\"url\":\"https:\\\/\\\/www.neuman-avocat.fr\\\/publications\\\/\",\"name\":\"Publications Neuman Avocat\",\"description\":\"\",\"potentialAction\":[{\"@type\":\"SearchAction\",\"target\":{\"@type\":\"EntryPoint\",\"urlTemplate\":\"https:\\\/\\\/www.neuman-avocat.fr\\\/publications\\\/?s={search_term_string}\"},\"query-input\":{\"@type\":\"PropertyValueSpecification\",\"valueRequired\":true,\"valueName\":\"search_term_string\"}}],\"inLanguage\":\"fr-FR\"},{\"@type\":\"Person\",\"@id\":\"https:\\\/\\\/www.neuman-avocat.fr\\\/publications\\\/#\\\/schema\\\/person\\\/ddcc6d3a53112a8d9182f724eee641b1\",\"name\":\"mneuman\",\"url\":\"https:\\\/\\\/www.neuman-avocat.fr\\\/publications\\\/author\\\/mneuman\\\/\"}]}<\/script>\n<!-- \/ Yoast SEO plugin. -->","yoast_head_json":{"title":"Le bail d\u00e9rogatoire prend un an de plus ! - Publications Neuman Avocat","description":"Avec la loi Pinel, des baux de courte dur\u00e9e portant sur des locaux commerciaux peuvent \u00eatre conclus pour une dur\u00e9e de trois ans. Que se passe-t-il apr\u00e8s ?","robots":{"index":"index","follow":"follow","max-snippet":"max-snippet:-1","max-image-preview":"max-image-preview:large","max-video-preview":"max-video-preview:-1"},"canonical":"https:\/\/www.neuman-avocat.fr\/publications\/le-bail-derogatoire-prend-de-plus\/","og_locale":"fr_FR","og_type":"article","og_title":"Le bail d\u00e9rogatoire prend un an de plus ! - Publications Neuman Avocat","og_description":"Avec la loi Pinel, des baux de courte dur\u00e9e portant sur des locaux commerciaux peuvent \u00eatre conclus pour une dur\u00e9e de trois ans. Que se passe-t-il apr\u00e8s ?","og_url":"https:\/\/www.neuman-avocat.fr\/publications\/le-bail-derogatoire-prend-de-plus\/","og_site_name":"Publications Neuman Avocat","article_published_time":"2014-07-14T13:08:51+00:00","article_modified_time":"2019-10-31T08:21:22+00:00","author":"mneuman","twitter_card":"summary_large_image","twitter_misc":{"\u00c9crit par":"mneuman","Dur\u00e9e de lecture estim\u00e9e":"8 minutes"},"schema":{"@context":"https:\/\/schema.org","@graph":[{"@type":"Article","@id":"https:\/\/www.neuman-avocat.fr\/publications\/le-bail-derogatoire-prend-de-plus\/#article","isPartOf":{"@id":"https:\/\/www.neuman-avocat.fr\/publications\/le-bail-derogatoire-prend-de-plus\/"},"author":{"name":"mneuman","@id":"https:\/\/www.neuman-avocat.fr\/publications\/#\/schema\/person\/ddcc6d3a53112a8d9182f724eee641b1"},"headline":"Le bail d\u00e9rogatoire prend un an de plus !","datePublished":"2014-07-14T13:08:51+00:00","dateModified":"2019-10-31T08:21:22+00:00","mainEntityOfPage":{"@id":"https:\/\/www.neuman-avocat.fr\/publications\/le-bail-derogatoire-prend-de-plus\/"},"wordCount":1649,"commentCount":3,"keywords":["bail commercial","bail de courte dur\u00e9e","bail d\u00e9rogatoire","deux ans","enchainement","L.145-5 du code de commerce","loi Pinel","statut des baux commerciaux","trois ans"],"articleSection":["Publications"],"inLanguage":"fr-FR","potentialAction":[{"@type":"CommentAction","name":"Comment","target":["https:\/\/www.neuman-avocat.fr\/publications\/le-bail-derogatoire-prend-de-plus\/#respond"]}]},{"@type":"WebPage","@id":"https:\/\/www.neuman-avocat.fr\/publications\/le-bail-derogatoire-prend-de-plus\/","url":"https:\/\/www.neuman-avocat.fr\/publications\/le-bail-derogatoire-prend-de-plus\/","name":"Le bail d\u00e9rogatoire prend un an de plus ! - Publications Neuman Avocat","isPartOf":{"@id":"https:\/\/www.neuman-avocat.fr\/publications\/#website"},"datePublished":"2014-07-14T13:08:51+00:00","dateModified":"2019-10-31T08:21:22+00:00","author":{"@id":"https:\/\/www.neuman-avocat.fr\/publications\/#\/schema\/person\/ddcc6d3a53112a8d9182f724eee641b1"},"description":"Avec la loi Pinel, des baux de courte dur\u00e9e portant sur des locaux commerciaux peuvent \u00eatre conclus pour une dur\u00e9e de trois ans. Que se passe-t-il apr\u00e8s ?","breadcrumb":{"@id":"https:\/\/www.neuman-avocat.fr\/publications\/le-bail-derogatoire-prend-de-plus\/#breadcrumb"},"inLanguage":"fr-FR","potentialAction":[{"@type":"ReadAction","target":["https:\/\/www.neuman-avocat.fr\/publications\/le-bail-derogatoire-prend-de-plus\/"]}]},{"@type":"BreadcrumbList","@id":"https:\/\/www.neuman-avocat.fr\/publications\/le-bail-derogatoire-prend-de-plus\/#breadcrumb","itemListElement":[{"@type":"ListItem","position":1,"name":"Accueil","item":"https:\/\/www.neuman-avocat.fr\/publications\/"},{"@type":"ListItem","position":2,"name":"Le bail d\u00e9rogatoire prend un an de plus !"}]},{"@type":"WebSite","@id":"https:\/\/www.neuman-avocat.fr\/publications\/#website","url":"https:\/\/www.neuman-avocat.fr\/publications\/","name":"Publications Neuman Avocat","description":"","potentialAction":[{"@type":"SearchAction","target":{"@type":"EntryPoint","urlTemplate":"https:\/\/www.neuman-avocat.fr\/publications\/?s={search_term_string}"},"query-input":{"@type":"PropertyValueSpecification","valueRequired":true,"valueName":"search_term_string"}}],"inLanguage":"fr-FR"},{"@type":"Person","@id":"https:\/\/www.neuman-avocat.fr\/publications\/#\/schema\/person\/ddcc6d3a53112a8d9182f724eee641b1","name":"mneuman","url":"https:\/\/www.neuman-avocat.fr\/publications\/author\/mneuman\/"}]}},"_links":{"self":[{"href":"https:\/\/www.neuman-avocat.fr\/publications\/wp-json\/wp\/v2\/posts\/91","targetHints":{"allow":["GET"]}}],"collection":[{"href":"https:\/\/www.neuman-avocat.fr\/publications\/wp-json\/wp\/v2\/posts"}],"about":[{"href":"https:\/\/www.neuman-avocat.fr\/publications\/wp-json\/wp\/v2\/types\/post"}],"author":[{"embeddable":true,"href":"https:\/\/www.neuman-avocat.fr\/publications\/wp-json\/wp\/v2\/users\/2"}],"replies":[{"embeddable":true,"href":"https:\/\/www.neuman-avocat.fr\/publications\/wp-json\/wp\/v2\/comments?post=91"}],"version-history":[{"count":0,"href":"https:\/\/www.neuman-avocat.fr\/publications\/wp-json\/wp\/v2\/posts\/91\/revisions"}],"wp:attachment":[{"href":"https:\/\/www.neuman-avocat.fr\/publications\/wp-json\/wp\/v2\/media?parent=91"}],"wp:term":[{"taxonomy":"category","embeddable":true,"href":"https:\/\/www.neuman-avocat.fr\/publications\/wp-json\/wp\/v2\/categories?post=91"},{"taxonomy":"post_tag","embeddable":true,"href":"https:\/\/www.neuman-avocat.fr\/publications\/wp-json\/wp\/v2\/tags?post=91"}],"curies":[{"name":"wp","href":"https:\/\/api.w.org\/{rel}","templated":true}]}}